{"id":898,"date":"2024-02-27T13:36:59","date_gmt":"2024-02-27T13:36:59","guid":{"rendered":"https:\/\/www.endcrsv.org\/?p=898"},"modified":"2024-04-16T14:46:01","modified_gmt":"2024-04-16T14:46:01","slug":"sidh","status":"publish","type":"post","link":"https:\/\/www.endcrsv.org\/es\/guidebook\/sidh\/","title":{"rendered":"Sistema Interamericano de Derechos Humanos"},"content":{"rendered":"\n<h2 class=\"wp-block-heading\" id=\"toc-i\"><span class=\"toc-title\">I. Introducci\u00f3n<\/span><span data-link=\"https:\/\/www.endcrsv.org\/es\/guidebook\/sidh\/#toc-i\" class=\"link-icon\">\ud83d\udd17<\/span><\/h2>\n\n\n\n<p>Creado por la Organizaci\u00f3n de Estados Americanos (<span class=\"glossary-term\" aria-label=\"glossary\" aria-description=\"Organizaci\u00f3n de Estados Americanos\" data-description=\"Organizaci\u00f3n de Estados Americanos\">OEA<\/span>, organizaci\u00f3n internacional creada en 1948 para lograr \u00abun orden de paz y de justicia\u00bb entre sus Estados miembros),<sup data-fn=\"dbca84a8-cc59-4c1b-8cbf-23f1fd0c3b52\" class=\"fn\"><a href=\"#dbca84a8-cc59-4c1b-8cbf-23f1fd0c3b52\" id=\"dbca84a8-cc59-4c1b-8cbf-23f1fd0c3b52-link\">1<\/a><\/sup> el sistema interamericano de derechos humanos naci\u00f3 con la adopci\u00f3n de la Declaraci\u00f3n Americana de los Derechos y Deberes del Hombre en Bogot\u00e1 en 1948. All\u00ed, la <span class=\"glossary-term\" aria-label=\"glossary\" aria-description=\"Organizaci\u00f3n de Estados Americanos\" data-description=\"Organizaci\u00f3n de Estados Americanos\">OEA<\/span> adopt\u00f3 la Carta de la <span class=\"glossary-term\" aria-label=\"glossary\" aria-description=\"Organizaci\u00f3n de Estados Americanos\" data-description=\"Organizaci\u00f3n de Estados Americanos\">OEA<\/span>, en la que se declara que los \u00abderechos fundamentales de la persona humana\u00bb es uno de los principios en los que se basa la <span class=\"glossary-term\" aria-label=\"glossary\" aria-description=\"Organizaci\u00f3n de Estados Americanos\" data-description=\"Organizaci\u00f3n de Estados Americanos\">OEA<\/span>. <sup><sup data-fn=\"e56c8069-2598-452c-b2a3-44352d207d21\" class=\"fn\"><a href=\"#e56c8069-2598-452c-b2a3-44352d207d21\" id=\"e56c8069-2598-452c-b2a3-44352d207d21-link\">2<\/a><\/sup><\/sup><\/p>\n\n\n\n<p>En el marco del sistema interamericano de derechos humanos, tres tratados son especialmente relevantes para la <span class=\"glossary-term\" aria-label=\"glossary\" aria-description=\"Violencia Sexual Relacionada con los \n Conflictos\" data-description=\"Violencia Sexual Relacionada con los \n Conflictos\">VSRC<\/span>: la <a id=\"post-898-_Hlk161672315\"><\/a>Convenci\u00f3n Americana sobre Derechos Humanos (<span class=\"glossary-term\" aria-label=\"glossary\" aria-description=\"Convenci\u00f3n Americana sobre Derechos Humanos\" data-description=\"Convenci\u00f3n Americana sobre Derechos Humanos\">CADH<\/span>, en adelante la Convenci\u00f3n Americana\u201d), la <a id=\"post-898-_Hlk161672374\"><\/a>Convenci\u00f3n Interamericana para Prevenir y Sancionar la Tortura (<span class=\"glossary-term\" aria-label=\"glossary\" aria-description=\"Convenci\u00f3n Interamericana para Prevenir\n  y Sancionar la Tortura\" data-description=\"Convenci\u00f3n Interamericana para Prevenir\n  y Sancionar la Tortura\">CIPST<\/span>) y la Convenci\u00f3n Interamericana para Prevenir, Sancionar y Erradicar la Violencia contra la Mujer (Convenci\u00f3n de Bel\u00e9m do Par\u00e1).<\/p>\n\n\n\n<p>La Comisi\u00f3n Interamericana de Derechos Humanos (<span class=\"glossary-term\" aria-label=\"glossary\" aria-description=\"Comisi\u00f3n Interamericana de Derechos \n Humanos\" data-description=\"Comisi\u00f3n Interamericana de Derechos \n Humanos\">CIDH<\/span>)<sup data-fn=\"e61a687b-5002-4509-b73f-b0d5b7756e85\" class=\"fn\"><a href=\"#e61a687b-5002-4509-b73f-b0d5b7756e85\" id=\"e61a687b-5002-4509-b73f-b0d5b7756e85-link\">3<\/a><\/sup> supervisa la aplicaci\u00f3n de la Convenci\u00f3n Americana por parte de los Estados. Su funci\u00f3n principal es \u00abpromover la observancia y la defensa de los derechos humanos\u00bb.<sup data-fn=\"a83e3c08-a9fc-4f24-99df-282af7546cb6\" class=\"fn\"><a href=\"#a83e3c08-a9fc-4f24-99df-282af7546cb6\" id=\"a83e3c08-a9fc-4f24-99df-282af7546cb6-link\">4<\/a><\/sup> La <a id=\"post-898-_Hlk161672616\"><\/a>Corte Interamericana de Derechos Humanos (<span class=\"glossary-term\" aria-label=\"glossary\" aria-description=\"Corte Interamericana de Derechos \n Humanos\" data-description=\"Corte Interamericana de Derechos \n Humanos\">CorteIDH<\/span>)<sup><sup data-fn=\"142d6a9f-6d56-4278-88d1-35652e8775f5\" class=\"fn\"><a href=\"#142d6a9f-6d56-4278-88d1-35652e8775f5\" id=\"142d6a9f-6d56-4278-88d1-35652e8775f5-link\">5<\/a><\/sup><\/sup> tambi\u00e9n supervisa la aplicaci\u00f3n de la Convenci\u00f3n Americana por parte de los Estados de forma vinculante.<\/p>\n\n\n\n<div class=\"info-box mb-4\">\r\n\t\t\t\t\t\t\t<div class=\"info-box__title mb-2\">\r\n\t\t\t\t\t\t\t\t<i class=\"fa-regular fa-info-circle\"><\/i>\r\n\t\t\t\t\t\t\t\t<span>Nota para los lectores<\/span>\r\n\t\t\t\t\t\t\t<\/div>\r\n\t\t\t\t\t\t\t<div class=\"info-box__body\">Sobre la autoridad y el car\u00e1cter vinculante del trabajo de la Comisi\u00f3n y la Corte, y para una explicaci\u00f3n de las medidas que la Comisi\u00f3n y la Corte pueden adoptar para hacer cumplir las obligaciones de los Estados en materia de derechos humanos, s\u00edrvase consultar el cap\u00edtulo \"Ratificaci\u00f3n y Cumplimiento de Tratados\", subsecci\u00f3n \"Sistema Interamericano de Derechos Humanos\".<\/div>\r\n\t\t\t\t\t\t<\/div>\n\n\n\n<h3 class=\"wp-block-heading\" id=\"toc-i-1\"><span class=\"toc-title\">I.1 Violencia sexual en el sistema interamericano<\/span><span data-link=\"https:\/\/www.endcrsv.org\/es\/guidebook\/sidh\/#toc-i-1\" class=\"link-icon\">\ud83d\udd17<\/span><\/h3>\n\n\n\n<p>La Corte ha sostenido que la violencia sexual abarca los actos de car\u00e1cter sexual cometidos contra cualquier persona sin su consentimiento. Adem\u00e1s de la invasi\u00f3n f\u00edsica del cuerpo humano, la violencia sexual puede incluir actos que no impliquen penetraci\u00f3n ni contacto f\u00edsico alguno.<sup data-fn=\"0e7d3f20-2af5-41f6-9a02-8c73b8e95dd7\" class=\"fn\"><a href=\"#0e7d3f20-2af5-41f6-9a02-8c73b8e95dd7\" id=\"0e7d3f20-2af5-41f6-9a02-8c73b8e95dd7-link\">6<\/a><\/sup> La violencia sexual vulnera el derecho de una persona a un trato humano, que abarca su integridad f\u00edsica y mental, y puede constituir tortura y tratos o penas crueles, inhumanos o degradantes (\u00ab<span class=\"glossary-term\" aria-label=\"glossary\" aria-description=\"Otros Tratos o Penas Crueles, Inhumanos \n o Degradantes\" data-description=\"Otros Tratos o Penas Crueles, Inhumanos \n o Degradantes\">malos tratos<\/span>\u00bb) en virtud del art\u00edculo 5 de la Convenci\u00f3n Americana y de la <span class=\"glossary-term\" aria-label=\"glossary\" aria-description=\"Convenci\u00f3n Interamericana para Prevenir\n  y Sancionar la Tortura\" data-description=\"Convenci\u00f3n Interamericana para Prevenir\n  y Sancionar la Tortura\">CIPST<\/span>. <sup data-fn=\"3e7b0a09-2de0-4370-b6bc-085241d6b9e1\" class=\"fn\"><a href=\"#3e7b0a09-2de0-4370-b6bc-085241d6b9e1\" id=\"3e7b0a09-2de0-4370-b6bc-085241d6b9e1-link\">7<\/a><\/sup><\/p>\n\n\n\n<p>Teniendo en cuenta decisiones de la extinta Comisi\u00f3n Europea de Derechos Humanos, la Comisi\u00f3n ha determinado que un trato es inhumano si \u00abcausa deliberadamente severos sufrimientos mentales o psicol\u00f3gicos\u00bb y es injustificable, y que es degradante si humilla gravemente a una persona delante de otras u obliga a esa persona a actuar en contra de sus deseos o su conciencia. <sup data-fn=\"27f09efa-2e40-4a9c-9db7-10b117674577\" class=\"fn\"><a href=\"#27f09efa-2e40-4a9c-9db7-10b117674577\" id=\"27f09efa-2e40-4a9c-9db7-10b117674577-link\">8<\/a><\/sup><\/p>\n\n\n\n<p>La Comisi\u00f3n tambi\u00e9n ha citado con aprobaci\u00f3n la jurisprudencia del Tribunal Europeo de Derechos Humanos, afirmando que el trato debe alcanzar un nivel m\u00ednimo de gravedad para ser considerado \u00abinhumano o degradante\u00bb. Este nivel es relativo y depende de las circunstancias de cada caso,<sup data-fn=\"e501764d-3c76-452b-aca3-eedf072817db\" class=\"fn\"><a href=\"#e501764d-3c76-452b-aca3-eedf072817db\" id=\"e501764d-3c76-452b-aca3-eedf072817db-link\">9<\/a><\/sup> incluyendo las \u00abcaracter\u00edsticas del trato, tales como la duraci\u00f3n, el m\u00e9todo utilizado o el modo en que fueron infligido los padecimientos, los efectos f\u00edsicos y mentales que \u00e9stos pueden causar, as\u00ed como las condiciones de la persona que padece dichos sufrimientos, entre ellos la edad, el sexo el estado de salud entre otras circunstancias personales\u00bb.<sup><sup data-fn=\"8f0b8bab-dab8-4c44-92df-36f9e8aa98a5\" class=\"fn\"><a href=\"#8f0b8bab-dab8-4c44-92df-36f9e8aa98a5\" id=\"8f0b8bab-dab8-4c44-92df-36f9e8aa98a5-link\">10<\/a><\/sup><\/sup><\/p>\n\n\n\n<p>Asimismo, la Corte ha seguido la jurisprudencia del Tribunal Europeo de Derechos Humanos al considerar que el sufrimiento psicol\u00f3gico y moral puede considerarse inhumano \u00abincluso en ausencia de lesiones f\u00edsicas\u00bb. El aspecto degradante de los <span class=\"glossary-term\" aria-label=\"glossary\" aria-description=\"Otros Tratos o Penas Crueles, Inhumanos \n o Degradantes\" data-description=\"Otros Tratos o Penas Crueles, Inhumanos \n o Degradantes\">malos tratos<\/span> se caracteriza por la inducci\u00f3n de miedo, ansiedad e inferioridad para humillar y degradar a la v\u00edctima, y quebrantar su resistencia f\u00edsica y moral. Esta situaci\u00f3n \u00abse ve agravada por la vulnerabilidad de la persona detenida ilegalmente\u00bb.<sup data-fn=\"c465a003-89a7-4546-a238-438475561eac\" class=\"fn\"><a href=\"#c465a003-89a7-4546-a238-438475561eac\" id=\"c465a003-89a7-4546-a238-438475561eac-link\">11<\/a><\/sup><\/p>\n\n\n\n<p>La calificaci\u00f3n de los actos como tortura o <span class=\"glossary-term\" aria-label=\"glossary\" aria-description=\"Otros Tratos o Penas Crueles, Inhumanos \n o Degradantes\" data-description=\"Otros Tratos o Penas Crueles, Inhumanos \n o Degradantes\">malos tratos<\/span> depende principalmente de \u00abla intensidad del sufrimiento infligido\u00bb: la tortura es una forma agravada de trato inhumano perpetrada \u00abcon el prop\u00f3sito de obtener informaci\u00f3n o confesiones, o de infligir un castigo\u00bb. La clasificaci\u00f3n debe hacerse caso por caso, teniendo en cuenta la naturaleza de los actos, la duraci\u00f3n del sufrimiento y los efectos f\u00edsicos y mentales y las circunstancias personales sobre cada v\u00edctima\/superviviente espec\u00edfica.<sup><sup data-fn=\"350a8d12-dba0-440f-b730-4191a07f5031\" class=\"fn\"><a href=\"#350a8d12-dba0-440f-b730-4191a07f5031\" id=\"350a8d12-dba0-440f-b730-4191a07f5031-link\">12<\/a><\/sup><\/sup> Si bien la Convenci\u00f3n Americana no define la tortura, la Comisi\u00f3n se ha referido con frecuencia a la definici\u00f3n de tortura proporcionada en la <span class=\"glossary-term\" aria-label=\"glossary\" aria-description=\"Convenci\u00f3n Interamericana para Prevenir\n  y Sancionar la Tortura\" data-description=\"Convenci\u00f3n Interamericana para Prevenir\n  y Sancionar la Tortura\">CIPST<\/span> para encontrar violaciones del art\u00edculo 5 de la Convenci\u00f3n Americana. <sup data-fn=\"debcd487-c260-4ca5-89c0-303f2af760c1\" class=\"fn\"><a href=\"#debcd487-c260-4ca5-89c0-303f2af760c1\" id=\"debcd487-c260-4ca5-89c0-303f2af760c1-link\">13<\/a><\/sup><\/p>\n\n\n\n<p>Seg\u00fan el art\u00edculo 2 de la <span class=\"glossary-term\" aria-label=\"glossary\" aria-description=\"Convenci\u00f3n Interamericana para Prevenir\n  y Sancionar la Tortura\" data-description=\"Convenci\u00f3n Interamericana para Prevenir\n  y Sancionar la Tortura\">CIPST<\/span>, se entiende por tortura todo acto cometido intencionalmente para causar penas o sufrimientos f\u00edsicos o mentales a una persona con fines de investigaci\u00f3n criminal, para intimidar, castigar personalmente, como medida preventiva, como pena o con cualquier otro fin. La tortura tambi\u00e9n incluye m\u00e9todos tendientes a anular la personalidad de la v\u00edctima o a disminuir sus capacidades f\u00edsicas o mentales, incluso en ausencia de dolor f\u00edsico o angustia mental. La tortura no incluye los dolores o sufrimientos f\u00edsicos o mentales que sean inherentes a medidas legales o que sean consecuencia exclusiva de \u00e9stas.<\/p>\n\n\n\n<p>En resumen, el trato equivale a tortura cuando es i) intencionado; ii) causa severos sufrimientos f\u00edsicos o mentales, y iii) se comete con un prop\u00f3sito, entre ellos intimidar, degradar, humillar, castigar o controlar a la v\u00edctima.<sup><sup data-fn=\"3f8c89df-fb20-4b76-8506-bcddac19f754\" class=\"fn\"><a href=\"#3f8c89df-fb20-4b76-8506-bcddac19f754\" id=\"3f8c89df-fb20-4b76-8506-bcddac19f754-link\">14<\/a><\/sup><\/sup> La Corte ha constatado que la violencia sexual cumple a menudo estos criterios.<\/p>\n\n\n\n<p>En el caso <em>Fern\u00e1ndez Ortega contra M\u00e9xico<\/em>, la Corte determin\u00f3 que la violaci\u00f3n sufrida por la v\u00edctima\/superviviente y perpetrada por soldados mexicanos constitu\u00eda tortura: fue un acto intencional y deliberado,<sup data-fn=\"749d25a5-c926-4080-ae17-9477f8c3ee6d\" class=\"fn\"><a href=\"#749d25a5-c926-4080-ae17-9477f8c3ee6d\" id=\"749d25a5-c926-4080-ae17-9477f8c3ee6d-link\">15<\/a><\/sup> y fue una experiencia extremadamente traum\u00e1tica que tuvo graves consecuencias, incluidos importantes da\u00f1os f\u00edsicos y psicol\u00f3gicos que humillaron f\u00edsica y emocionalmente a la v\u00edctima\/superviviente.<sup data-fn=\"fa95c1ba-bcc1-4a6c-b0d2-09548d33061c\" class=\"fn\"><a href=\"#fa95c1ba-bcc1-4a6c-b0d2-09548d33061c\" id=\"fa95c1ba-bcc1-4a6c-b0d2-09548d33061c-link\">16<\/a><\/sup> La violaci\u00f3n causa graves sufrimientos, \u00abaun cuando no exista evidencia de lesiones o enfermedades f\u00edsicas \u00ab. Adem\u00e1s, las mujeres v\u00edctimas\/supervivientes de violaci\u00f3n tambi\u00e9n experimentan severos da\u00f1os y secuelas psicol\u00f3gicas y sociales.<sup data-fn=\"ba5aaa68-b2da-4816-9657-fca688e6d0b6\" class=\"fn\"><a href=\"#ba5aaa68-b2da-4816-9657-fca688e6d0b6\" id=\"ba5aaa68-b2da-4816-9657-fca688e6d0b6-link\">17<\/a><\/sup> La Corte sostuvo que \u00abcastigar a la v\u00edctima ante la falta de informaci\u00f3n solicitada\u00bb durante el interrogatorio era el prop\u00f3sito espec\u00edfico de la violaci\u00f3n.<sup data-fn=\"c25c7012-d74c-460f-8f06-0d315b8d721b\" class=\"fn\"><a href=\"#c25c7012-d74c-460f-8f06-0d315b8d721b\" id=\"c25c7012-d74c-460f-8f06-0d315b8d721b-link\">18<\/a><\/sup> La Corte continu\u00f3 se\u00f1alando que \u00abla violaci\u00f3n sexual, al igual que la tortura, persigue entre otros, los fines de intimidar, degradar, humillar, castigar o controlar a la persona\u00bb.<sup data-fn=\"68a49cf7-89ba-4cf8-aeb0-cff357f55e5a\" class=\"fn\"><a href=\"#68a49cf7-89ba-4cf8-aeb0-cff357f55e5a\" id=\"68a49cf7-89ba-4cf8-aeb0-cff357f55e5a-link\">19<\/a><\/sup><\/p>\n\n\n\n<p>La Corte ha sostenido que la violaci\u00f3n puede constituir tortura incluso cuando se basa en un solo hecho y tiene lugar fuera de las instalaciones del Estado, como en el domicilio de la v\u00edctima.<sup data-fn=\"da377279-04d3-4c3c-ab34-9b5f8b5b009e\" class=\"fn\"><a href=\"#da377279-04d3-4c3c-ab34-9b5f8b5b009e\" id=\"da377279-04d3-4c3c-ab34-9b5f8b5b009e-link\">20<\/a><\/sup> No obstante, la violencia sexual cometida por agentes del Estado sigue siendo especialmente censurable: la violencia sexual, incluida y aparte de la violaci\u00f3n, perpetrada por agentes del Estado como forma intencionada y selectiva de control social constituye tortura. La violencia sexual cometida por agentes del Estado y bajo su custodia es un acto grave y reprobable.<sup><sup data-fn=\"23e31023-21d4-4a00-a6fc-605a6b5ee495\" class=\"fn\"><a href=\"#23e31023-21d4-4a00-a6fc-605a6b5ee495\" id=\"23e31023-21d4-4a00-a6fc-605a6b5ee495-link\">21<\/a><\/sup><\/sup><\/p>\n\n\n\n<p>Aunque la violencia sexual puede afectar a cualquier persona,<sup data-fn=\"4314d69e-2936-4e73-8471-f741a465cd68\" class=\"fn\"><a href=\"#4314d69e-2936-4e73-8471-f741a465cd68\" id=\"4314d69e-2936-4e73-8471-f741a465cd68-link\">22<\/a><\/sup> las mujeres corren un riesgo mayor. Por ello, la Convenci\u00f3n de Bel\u00e9m do Par\u00e1 proh\u00edbe la violencia sexual como \u00abforma paradigm\u00e1tica de violencia contra la mujer\u00bb.<sup><sup data-fn=\"11179d41-f37a-4393-89d4-7cbbf593db50\" class=\"fn\"><a href=\"#11179d41-f37a-4393-89d4-7cbbf593db50\" id=\"11179d41-f37a-4393-89d4-7cbbf593db50-link\">23<\/a><\/sup><\/sup> Seg\u00fan el art\u00edculo 1 de la Convenci\u00f3n de Bel\u00e9m do Par\u00e1, la violencia contra la mujer abarca \u00abcualquier acci\u00f3n o conducta, basada en su g\u00e9nero, que cause muerte, da\u00f1o o sufrimiento f\u00edsico, sexual o psicol\u00f3gico a la mujer, tanto en el \u00e1mbito p\u00fablico como en el privado\u00bb. La violencia contra la mujer no es s\u00f3lo una violaci\u00f3n de los derechos humanos, sino tambi\u00e9n \u00abuna ofensa a la dignidad humana\u00bb. Es una manifestaci\u00f3n de \u00ablas relaciones de poder hist\u00f3ricamente desiguales entre mujeres y hombres\u00bb que \u00abtrasciende todos los sectores de la sociedad, independientemente de su clase, raza o grupo \u00e9tnico, ingresos, cultura, nivel de educaci\u00f3n, edad o religi\u00f3n\u00bb. <sup data-fn=\"9698baa3-7b43-40c8-b57e-7ad4a1f631eb\" class=\"fn\"><a href=\"#9698baa3-7b43-40c8-b57e-7ad4a1f631eb\" id=\"9698baa3-7b43-40c8-b57e-7ad4a1f631eb-link\">24<\/a><\/sup><\/p>\n\n\n\n<h3 class=\"wp-block-heading\" id=\"toc-i-2\"><span class=\"toc-title\">I.2 \u00bfCu\u00e1ndo est\u00e1 relacionada la violencia sexual con el conflicto?<\/span><span data-link=\"https:\/\/www.endcrsv.org\/es\/guidebook\/sidh\/#toc-i-2\" class=\"link-icon\">\ud83d\udd17<\/span><\/h3>\n\n\n\n<p>El Sistema Interamericano de Derechos Humanos es aplicable tanto en tiempos de paz como de conflicto, y es complementario del Derecho Internacional Humanitario.<sup data-fn=\"b5015e42-b339-47d0-b17b-18d431381023\" class=\"fn\"><a href=\"#b5015e42-b339-47d0-b17b-18d431381023\" id=\"b5015e42-b339-47d0-b17b-18d431381023-link\">25<\/a><\/sup> \u201cEl derecho internacional humanitario no impide la aplicaci\u00f3n del derecho internacional de los derechos humanos\u00bb.<sup data-fn=\"56573788-08fc-44bb-9661-8a528bbbb709\" class=\"fn\"><a href=\"#56573788-08fc-44bb-9661-8a528bbbb709\" id=\"56573788-08fc-44bb-9661-8a528bbbb709-link\">26<\/a><\/sup> El derecho internacional de los derechos humanos tiene plena vigenica durante los conflictos armados internacionales o no internacionales.<sup data-fn=\"8f5f615e-7b5d-4318-8643-d6fb00bf536e\" class=\"fn\"><a href=\"#8f5f615e-7b5d-4318-8643-d6fb00bf536e\" id=\"8f5f615e-7b5d-4318-8643-d6fb00bf536e-link\">27<\/a><\/sup><\/p>\n\n\n\n<p>En consecuencia, no es necesario que la violencia sexual est\u00e9 relacionada con un conflicto para que se apliquen las Convenciones Interamericanas.<sup data-fn=\"fb70c00c-05f7-4506-9ab7-d7030bd8c0d9\" class=\"fn\"><a href=\"#fb70c00c-05f7-4506-9ab7-d7030bd8c0d9\" id=\"fb70c00c-05f7-4506-9ab7-d7030bd8c0d9-link\">28<\/a><\/sup> Adem\u00e1s, la prohibici\u00f3n de la tortura y los <span class=\"glossary-term\" aria-label=\"glossary\" aria-description=\"Otros Tratos o Penas Crueles, Inhumanos \n o Degradantes\" data-description=\"Otros Tratos o Penas Crueles, Inhumanos \n o Degradantes\">malos tratos<\/span> es absoluta e inderogable, incluso en situaciones \u00abcomo la guerra, amenaza de guerra, lucha contra el terrorismo y cualesquiera otros delitos, estado de sitio o de emergencia, conmoci\u00f3n o conflicto interior, suspensi\u00f3n de garant\u00edas constitucionales, inestabilidad pol\u00edtica interna u otras emergencias o calamidades p\u00fablicas\u00bb.<sup><sup data-fn=\"558156d4-a904-4323-82d5-5983ea630d5d\" class=\"fn\"><a href=\"#558156d4-a904-4323-82d5-5983ea630d5d\" id=\"558156d4-a904-4323-82d5-5983ea630d5d-link\">29<\/a><\/sup><\/sup><\/p>\n\n\n\n<p>La Comisi\u00f3n y la Corte han examinado en varias ocasiones las situaciones de conflicto en las que interviene la <span class=\"glossary-term\" aria-label=\"glossary\" aria-description=\"Violencia Sexual Relacionada con los \n Conflictos\" data-description=\"Violencia Sexual Relacionada con los \n Conflictos\">VSRC<\/span>.<sup data-fn=\"8da000e8-c79d-4cfe-bd2f-c5f3a28c8171\" class=\"fn\"><a href=\"#8da000e8-c79d-4cfe-bd2f-c5f3a28c8171\" id=\"8da000e8-c79d-4cfe-bd2f-c5f3a28c8171-link\">30<\/a><\/sup> La Corte, en particular, ha constatado que las situaciones de conmoci\u00f3n, conflictos, masacres o control social hacen que determinados grupos sean m\u00e1s vulnerables a la violencia sexual, y que dicha violencia se utilice como medio simb\u00f3lico de humillar, castigar o controlar a la otra parte.<sup data-fn=\"ed5dbed5-407b-4113-a672-a9810a604ae4\" class=\"fn\"><a href=\"#ed5dbed5-407b-4113-a672-a9810a604ae4\" id=\"ed5dbed5-407b-4113-a672-a9810a604ae4-link\">31<\/a><\/sup> En los conflictos, la violencia sexual no s\u00f3lo afecta directamente a las v\u00edctimas\/supervivientes, sino que tambi\u00e9n \u00abpuede tener el objetivo de causar un un efecto en la sociedad\u00bb.<sup data-fn=\"485f1d2d-281c-4358-9fb1-8edec263658c\" class=\"fn\"><a href=\"#485f1d2d-281c-4358-9fb1-8edec263658c\" id=\"485f1d2d-281c-4358-9fb1-8edec263658c-link\">32<\/a><\/sup> En el caso de la <em>masacre de Las Dos Erres<\/em>, la Corte determin\u00f3 espec\u00edficamente que la violaci\u00f3n de mujeres era una pr\u00e1ctica del Estado, ejecutada en el contexto de masacres, destinada a destruir la dignidad de la mujer \u201da nivel cultural, social, familiar e individual\u201d. <sup data-fn=\"cd2c21e8-65cf-448c-917b-0f6378f65927\" class=\"fn\"><a href=\"#cd2c21e8-65cf-448c-917b-0f6378f65927\" id=\"cd2c21e8-65cf-448c-917b-0f6378f65927-link\">33<\/a><\/sup><\/p>\n\n\n\n<h2 class=\"wp-block-heading\" id=\"toc-ii\"><span class=\"toc-title\"><a id=\"post-898-_Hlk126051479\"><\/a>II. Marco jur\u00eddico<\/span><span data-link=\"https:\/\/www.endcrsv.org\/es\/guidebook\/sidh\/#toc-ii\" class=\"link-icon\">\ud83d\udd17<\/span><\/h2>\n\n\n\n<ul class=\"wp-block-list\">\n<li><a href=\"https:\/\/www.oas.org\/es\/cidh\/mandato\/Basicos\/convencion.asp\">Convenci\u00f3n Americana sobre Derechos Humanos<\/a> (<span class=\"glossary-term\" aria-label=\"glossary\" aria-description=\"Convenci\u00f3n Americana sobre Derechos Humanos\" data-description=\"Convenci\u00f3n Americana sobre Derechos Humanos\">CADH<\/span>)<\/li>\n\n\n\n<li><a href=\"https:\/\/www.oas.org\/juridico\/spanish\/tratados\/a-51.html\">Convenci\u00f3n Interamericana para Prevenir y Sancionar la Tortura <\/a>(<span class=\"glossary-term\" aria-label=\"glossary\" aria-description=\"Convenci\u00f3n Interamericana para Prevenir\n  y Sancionar la Tortura\" data-description=\"Convenci\u00f3n Interamericana para Prevenir\n  y Sancionar la Tortura\">CIPST<\/span>)<\/li>\n\n\n\n<li>Convenci\u00f3n Interamericana para Prevenir, Sancionar y Erradicar la Violencia contra la Mujer (<a href=\"https:\/\/www.oas.org\/juridico\/spanish\/tratados\/a-61.html\">Convenci\u00f3n de Bel\u00e9m do Par\u00e1<\/a>)<\/li>\n\n\n\n<li>Comisi\u00f3n Interamericana\n<ul class=\"wp-block-list\">\n<li>Informes<\/li>\n<\/ul>\n<\/li>\n\n\n\n<li>Corte Interamericana\n<ul class=\"wp-block-list\">\n<li>Sentencias<\/li>\n\n\n\n<li>Opini\u00f3n Consultiva<\/li>\n<\/ul>\n<\/li>\n<\/ul>\n\n\n\n<h2 class=\"wp-block-heading\" id=\"toc-iii\"><span class=\"toc-title\"><strong>III. <\/strong><a id=\"post-898-_Hlk126056360\"><\/a>Obligaciones<\/span><span data-link=\"https:\/\/www.endcrsv.org\/es\/guidebook\/sidh\/#toc-iii\" class=\"link-icon\">\ud83d\udd17<\/span><\/h2>\n\n\n\n<h3 class=\"wp-block-heading\" id=\"toc-prevencion\"><span class=\"toc-title\">Prevenci\u00f3n<\/span><span data-link=\"https:\/\/www.endcrsv.org\/es\/guidebook\/sidh\/#toc-prevencion\" class=\"link-icon\">\ud83d\udd17<\/span><\/h3>\n\n\n\n<div class=\"wp-block-group\"><div class=\"wp-block-group__inner-container is-layout-constrained wp-block-group-is-layout-constrained\">\n<h4 class=\"wp-block-heading\" id=\"toc-iii-1\"><span class=\"toc-title\">III.1 Los Estados deben garantizar que ninguna persona sujeta a su jurisdicci\u00f3n est\u00e9 expuesta a la <span class=\"glossary-term\" aria-label=\"glossary\" aria-description=\"Violencia Sexual Relacionada con los \n Conflictos\" data-description=\"Violencia Sexual Relacionada con los \n Conflictos\">VSRC<\/span> <\/span><span data-link=\"https:\/\/www.endcrsv.org\/es\/guidebook\/sidh\/#toc-iii-1\" class=\"link-icon\">\ud83d\udd17<\/span><\/h4>\n\n\n\n<p>Seg\u00fan el art\u00edculo 5 de la Convenci\u00f3n Americana, toda persona \u00abtiene derecho a que se respete su integridad f\u00edsica, ps\u00edquica y moral\u00bb, y nadie, en particular las mujeres,<sup data-fn=\"4f921007-3682-4b28-b168-81c85e98be54\" class=\"fn\"><a href=\"#4f921007-3682-4b28-b168-81c85e98be54\" id=\"4f921007-3682-4b28-b168-81c85e98be54-link\">34<\/a><\/sup> debe ser sometido a torturas ni a <span class=\"glossary-term\" aria-label=\"glossary\" aria-description=\"Otros Tratos o Penas Crueles, Inhumanos \n o Degradantes\" data-description=\"Otros Tratos o Penas Crueles, Inhumanos \n o Degradantes\">malos tratos<\/span>. En virtud del art\u00edculo 1, los Estados Partes se comprometen a respetar los derechos y libertades reconocidos en la Convenci\u00f3n y a garantizarlos a toda persona que est\u00e9 sujeta a su jurisdicci\u00f3n.<\/p>\n\n\n\n<p>Le\u00eddos conjuntamente, los art\u00edculos 1 y 5 establecen que los Estados deben garantizar que ninguna persona sometida a su jurisdicci\u00f3n sufra tortura o <span class=\"glossary-term\" aria-label=\"glossary\" aria-description=\"Otros Tratos o Penas Crueles, Inhumanos \n o Degradantes\" data-description=\"Otros Tratos o Penas Crueles, Inhumanos \n o Degradantes\">malos tratos<\/span>. Esta obligaci\u00f3n no es de naturaleza puramente negativa: si bien los Estados deben evitar interferir con los derechos y libertades consagrados en la Convenci\u00f3n Americana, tambi\u00e9n deben tomar medidas para prevenir dicha interferencia. <sup><sup data-fn=\"b8ae9628-bfa5-4996-83f0-9139e69ec18e\" class=\"fn\"><a href=\"#b8ae9628-bfa5-4996-83f0-9139e69ec18e\" id=\"b8ae9628-bfa5-4996-83f0-9139e69ec18e-link\">35<\/a><\/sup><\/sup><\/p>\n\n\n\n<p>En primer lugar, los Estados deben tipificar como delito la violencia sexual y garantizar que su definici\u00f3n incluye la falta de consentimiento como elemento central. El consentimiento s\u00f3lo puede establecerse mediante actos que expresen claramente la voluntad de la persona antes del acto de forma libre y reversible, como el consentimiento verbal o un comportamiento que muestre claramente la participaci\u00f3n voluntaria.<sup><sup data-fn=\"e8acab1d-e4b2-4362-a23b-7dd11125d75c\" class=\"fn\"><a href=\"#e8acab1d-e4b2-4362-a23b-7dd11125d75c\" id=\"e8acab1d-e4b2-4362-a23b-7dd11125d75c-link\">36<\/a><\/sup><\/sup> Los criterios que determinan la falta de consentimiento incluyen:<\/p>\n\n\n\n<ul class=\"wp-block-list\">\n<li>Uso de la fuerza o amenaza de usarla;<\/li>\n\n\n\n<li>Coacci\u00f3n o temor a la violencia o a represalias;<\/li>\n\n\n\n<li>Intimidaci\u00f3n;<\/li>\n\n\n\n<li>Detenci\u00f3n y\/o privaci\u00f3n de libertad;<\/li>\n\n\n\n<li>Opresi\u00f3n psicol\u00f3gica;<\/li>\n\n\n\n<li>Abuso de poder;<\/li>\n\n\n\n<li>Incapacidad de entender la violencia sexual.<sup><sup data-fn=\"8df31740-e5cb-431f-bd3e-92ddaf7f19c9\" class=\"fn\"><a href=\"#8df31740-e5cb-431f-bd3e-92ddaf7f19c9\" id=\"8df31740-e5cb-431f-bd3e-92ddaf7f19c9-link\">37<\/a><\/sup><\/sup><\/li>\n<\/ul>\n\n\n\n<p>Los Estados deben legislar para que no pueda inferirse el consentimiento:<\/p>\n\n\n\n<ul class=\"wp-block-list\">\n<li>Cuando la fuerza, la amenaza de fuerza, la coacci\u00f3n o un entorno coercitivo han disminuido la capacidad de la v\u00edctima\/superviviente para dar su consentimiento libre y voluntariamente;<\/li>\n\n\n\n<li>Cuando la v\u00edctima\/superviviente no puede dar libremente su consentimiento;<\/li>\n\n\n\n<li>Cuando la v\u00edctima\/superviviente guarda silencio y\/o no se resiste a la violencia sexual; y<\/li>\n\n\n\n<li>Cuando, en un entorno de coacci\u00f3n, existe una din\u00e1mica de poder que obliga a la v\u00edctima\/superviviente a participar en el acto por temor a consecuencias.<sup><sup data-fn=\"dac7cbe4-eae5-4847-a137-57223caa34d0\" class=\"fn\"><a href=\"#dac7cbe4-eae5-4847-a137-57223caa34d0\" id=\"dac7cbe4-eae5-4847-a137-57223caa34d0-link\">38<\/a><\/sup><\/sup><\/li>\n<\/ul>\n\n\n\n<p>En el \u00e1mbito interno, los Estados deben cumplir sus funciones p\u00fablicas en consonancia con los derechos humanos.<sup><sup data-fn=\"b510326d-f34c-45a1-acb0-08b1e9c83f86\" class=\"fn\"><a href=\"#b510326d-f34c-45a1-acb0-08b1e9c83f86\" id=\"b510326d-f34c-45a1-acb0-08b1e9c83f86-link\">39<\/a><\/sup><\/sup> El poder judicial, en particular, no debe aplicar ni interpretar los tratados de derechos humanos de manera contraria a su objeto y fin. <sup data-fn=\"11032ef4-edea-4210-9cd1-073ea150b011\" class=\"fn\"><a href=\"#11032ef4-edea-4210-9cd1-073ea150b011\" id=\"11032ef4-edea-4210-9cd1-073ea150b011-link\">40<\/a><\/sup><\/p>\n\n\n\n<p>En virtud del art\u00edculo 7(a) de la Convenci\u00f3n de Bel\u00e9m do Par\u00e1, los Estados deben abstenerse de cometer actos de violencia contra la mujer y velar por que sus autoridades, funcionarios, personal, agentes e instituciones act\u00faen de conformidad con esta obligaci\u00f3n.<sup data-fn=\"f4b16973-d423-42b0-9ecc-b8ae6950dad0\" class=\"fn\"><a href=\"#f4b16973-d423-42b0-9ecc-b8ae6950dad0\" id=\"f4b16973-d423-42b0-9ecc-b8ae6950dad0-link\">41<\/a><\/sup><\/p>\n\n\n\n<p><strong><span class=\"glossary-term\" aria-label=\"glossary\" aria-description=\"Violencia Sexual Relacionada con los \n Conflictos\" data-description=\"Violencia Sexual Relacionada con los \n Conflictos\">VSRC<\/span> cometida en el uso de la fuerza. <\/strong>El personal encargado de hacer cumplir la ley nunca puede recurrir a la violencia sexual en el uso de la fuerza.<sup><sup data-fn=\"78140b15-885b-4326-84b3-dcf7b9d19cb8\" class=\"fn\"><a href=\"#78140b15-885b-4326-84b3-dcf7b9d19cb8\" id=\"78140b15-885b-4326-84b3-dcf7b9d19cb8-link\">42<\/a><\/sup><\/sup> En el caso <em>Mujeres de Atenco<\/em>, en el que agentes de polic\u00eda utilizaron fuerza excesiva y violencia sexual contra once mujeres, la Corte determin\u00f3 que el Estado hab\u00eda incumplido sus obligaciones de:<\/p>\n\n\n\n<ol class=\"wp-block-list\">\n<li>Regular adecuadamente el uso de la fuerza en la legislaci\u00f3n nacional;<\/li>\n\n\n\n<li>Capacitar y entrenar a sus cuerpos de seguridad en las normas y principios para la protecci\u00f3n de los derechos humanos en el uso de la fuerza;<\/li>\n\n\n\n<li>Establecer mecanismos de control de la legitimidad del uso de la fuerza; y<\/li>\n\n\n\n<li>Respetar y garantizar los derechos de las v\u00edctimas\/supervivientes frente al uso excesivo e ileg\u00edtimo de la fuerza.<sup data-fn=\"2a32e0e6-d367-4f0c-9084-c897952ce64b\" class=\"fn\"><a href=\"#2a32e0e6-d367-4f0c-9084-c897952ce64b\" id=\"2a32e0e6-d367-4f0c-9084-c897952ce64b-link\">43<\/a><\/sup><\/li>\n<\/ol>\n<\/div><\/div>\n\n\n\n<div class=\"wp-block-group\"><div class=\"wp-block-group__inner-container is-layout-constrained wp-block-group-is-layout-constrained\">\n<h4 class=\"wp-block-heading\" id=\"toc-iii-2\"><span class=\"toc-title\">III.2 Los Estados deben abordar la VCMN cometida por individuos y grupos privados<\/span><span data-link=\"https:\/\/www.endcrsv.org\/es\/guidebook\/sidh\/#toc-iii-2\" class=\"link-icon\">\ud83d\udd17<\/span><\/h4>\n\n\n\n<p>Por regla general, los Estados deben prevenir las violaciones de los derechos humanos, \u00abincluidas las cometidas por terceros particulares\u00bb. La obligaci\u00f3n de prevenir es de medios, y no se incumple necesariamente cuando se ha violado un derecho.<sup><sup data-fn=\"7fc10a34-48d7-481d-8073-e3564f87a9b3\" class=\"fn\"><a href=\"#7fc10a34-48d7-481d-8073-e3564f87a9b3\" id=\"7fc10a34-48d7-481d-8073-e3564f87a9b3-link\">44<\/a><\/sup><\/sup> Adem\u00e1s, en virtud de la Convenci\u00f3n de Bel\u00e9m do Par\u00e1, los Estados deben prevenir, sancionar y erradicar la violencia contra las mujeres, tanto si se comete en el \u00e1mbito p\u00fablico como en el privado. <sup data-fn=\"32bf666a-0a7e-406b-9f39-5530d68a6253\" class=\"fn\"><a href=\"#32bf666a-0a7e-406b-9f39-5530d68a6253\" id=\"32bf666a-0a7e-406b-9f39-5530d68a6253-link\">45<\/a><\/sup><\/p>\n\n\n\n<p>Para establecer la responsabilidad del Estado por los actos de terceros, la Corte ha sostenido que un \u00abcontexto general de colaboraci\u00f3n y aquiescencia no es suficiente\u00bb. Por el contrario, la aquiescencia o colaboraci\u00f3n del Estado debe ser \u00abespec\u00edfica a las circunstancias\u00bb. A este respecto, la Corte examina si una violaci\u00f3n se cometi\u00f3 \u00abcon el apoyo o la tolerancia\u00bb del Estado, o si el Estado permiti\u00f3 que se cometiera la violaci\u00f3n sin impedirla ni castigar al autor privado.<\/p>\n\n\n\n<p>En virtud del <span class=\"glossary-term\" aria-label=\"glossary\" aria-description=\"Convenci\u00f3n Interamericana para Prevenir\n  y Sancionar la Tortura\" data-description=\"Convenci\u00f3n Interamericana para Prevenir\n  y Sancionar la Tortura\">CIPST<\/span>, las siguientes personas pueden ser responsables de <span class=\"glossary-term\" aria-label=\"glossary\" aria-description=\"Violencia Sexual Relacionada con los \n Conflictos\" data-description=\"Violencia Sexual Relacionada con los \n Conflictos\">VSRC<\/span> equivalentes a tortura:<\/p>\n\n\n\n<ul class=\"wp-block-list\">\n<li>El funcionario o empleado p\u00fablico que, actuando en calidad de tal, ordene, instigue o induzca a la tortura, o la cometa directamente o, \u00abpudiendo impedirla, no lo hagan\u00bb; o<\/li>\n\n\n\n<li>La persona que, a instigaci\u00f3n de dicho funcionario o empleado p\u00fablico, ordene, instigue o induzca a la tortura, la cometa directamente o sea c\u00f3mplice de ella. <sup data-fn=\"5a2b50c9-d388-4e8c-905f-d6b2d0756c4c\" class=\"fn\"><a href=\"#5a2b50c9-d388-4e8c-905f-d6b2d0756c4c\" id=\"5a2b50c9-d388-4e8c-905f-d6b2d0756c4c-link\">46<\/a><\/sup><\/li>\n<\/ul>\n\n\n\n<p>Por \u00faltimo, en situaciones de conflicto, la Corte ha determinado que la violencia sexual no debe examinarse como un asunto aislado, sino como parte de la situaci\u00f3n m\u00e1s amplia del conflicto. Cuando un Estado abusa del estado de excepci\u00f3n y se cometen actos de violencia sexual contra mujeres en un entorno en el que ya corren riesgo de discriminaci\u00f3n, ese Estado es responsable de su incapacidad para prevenir y responder a la <span class=\"glossary-term\" aria-label=\"glossary\" aria-description=\"Violencia Sexual Relacionada con los \n Conflictos\" data-description=\"Violencia Sexual Relacionada con los \n Conflictos\">VSRC<\/span> cometida por funcionarios del Estado, personas que act\u00faan con su autorizaci\u00f3n y\/o aquiescencia y grupos armados ilegales.<sup data-fn=\"43b39f99-597a-4ab4-ac3d-5f7f27cd474e\" class=\"fn\"><a href=\"#43b39f99-597a-4ab4-ac3d-5f7f27cd474e\" id=\"43b39f99-597a-4ab4-ac3d-5f7f27cd474e-link\">47<\/a><\/sup><\/p>\n<\/div><\/div>\n\n\n\n<div class=\"wp-block-group\"><div class=\"wp-block-group__inner-container is-layout-constrained wp-block-group-is-layout-constrained\">\n<h4 class=\"wp-block-heading\" id=\"toc-iii-3\"><span class=\"toc-title\">III.3 Se debe una protecci\u00f3n especial contra la <span class=\"glossary-term\" aria-label=\"glossary\" aria-description=\"Violencia Sexual Relacionada con los \n Conflictos\" data-description=\"Violencia Sexual Relacionada con los \n Conflictos\">VSRC<\/span> a las personas que se enfrentan a formas de discriminaci\u00f3n agravadas e interseccionales.<\/span><span data-link=\"https:\/\/www.endcrsv.org\/es\/guidebook\/sidh\/#toc-iii-3\" class=\"link-icon\">\ud83d\udd17<\/span><\/h4>\n\n\n\n<p>Seg\u00fan el art\u00edculo 1 de la Convenci\u00f3n Americana, los Estados deben garantizar los derechos y libertades de la Convenci\u00f3n a todas las personas bajo su jurisdicci\u00f3n \u00absin discriminaci\u00f3n alguna por motivos de raza, color, sexo, idioma, religi\u00f3n, opiniones pol\u00edticas o de cualquier otra \u00edndole, origen nacional o social, posici\u00f3n econ\u00f3mica, nacimiento o cualquier otra condici\u00f3n social\u00bb, incluidas \u00abla orientaci\u00f3n sexual y la identidad o expresi\u00f3n de g\u00e9nero, real o percibida\u00bb.<sup><sup data-fn=\"3d4c7006-d6f1-4737-814f-8e18d139ca58\" class=\"fn\"><a href=\"#3d4c7006-d6f1-4737-814f-8e18d139ca58\" id=\"3d4c7006-d6f1-4737-814f-8e18d139ca58-link\">48<\/a><\/sup><\/sup><\/p>\n\n\n\n<p>En el cumplimiento de sus obligaciones, los Estados deben tener especialmente en cuenta a las personas que sufren discriminaci\u00f3n agravada por m\u00faltiples factores. Por ejemplo, una mujer ind\u00edgena v\u00edctima de violaci\u00f3n que no pudo acceder a la protecci\u00f3n debido a su desconocimiento del idioma oficial.<sup><sup data-fn=\"60c5fca5-a160-4c83-ab1e-2b5c70918a9a\" class=\"fn\"><a href=\"#60c5fca5-a160-4c83-ab1e-2b5c70918a9a\" id=\"60c5fca5-a160-4c83-ab1e-2b5c70918a9a-link\">49<\/a><\/sup><\/sup><\/p>\n\n\n\n<p>Cuando las personas pertenecen \u00aba un grupo en especial situaci\u00f3n de vulnerabilidad\u00bb, las obligaciones de los Estados aumentan:<sup data-fn=\"9e9bbe09-a759-4921-873c-c1fbf3701f6c\" class=\"fn\"><a href=\"#9e9bbe09-a759-4921-873c-c1fbf3701f6c\" id=\"9e9bbe09-a759-4921-873c-c1fbf3701f6c-link\">50<\/a><\/sup> Los Estados no s\u00f3lo deben abstenerse de vulnerar sus derechos, sino que tambi\u00e9n deben adoptar medidas positivas, basadas en las necesidades espec\u00edficas de protecci\u00f3n de la persona.<sup data-fn=\"e2f76566-521d-45db-b368-15c356cd911c\" class=\"fn\"><a href=\"#e2f76566-521d-45db-b368-15c356cd911c\" id=\"e2f76566-521d-45db-b368-15c356cd911c-link\">51<\/a><\/sup><\/p>\n\n\n\n<p>En el caso <em>Angulo Losada contra Bolivia<\/em>, que se refer\u00eda a una ni\u00f1a de 16 a\u00f1os sometida a violencia sexual por su primo de 26 a\u00f1os, la Corte declar\u00f3 que las situaciones de vulnerabilidad deben considerarse a la luz de la interseccionalidad entre distintos factores, como el g\u00e9nero y la ni\u00f1ez. El hecho de que la demandante fuera mujer y hubiera sido ni\u00f1a en el momento de la violencia la colocaba en una situaci\u00f3n de doble vulnerabilidad, porque:<\/p>\n\n\n\n<ul class=\"wp-block-list\">\n<li>El agresor era una figura de autoridad para ella. Debido a esta desigualdad de poder, no pod\u00eda inferirse el consentimiento;<\/li>\n\n\n\n<li>En los procedimientos judiciales internos, se oblig\u00f3 a la denunciante a relatar varias veces los actos de violencia sexual, sin tener en cuenta el trauma que esto le causar\u00eda.<sup><sup data-fn=\"996c9c23-6bdb-4508-975b-19b9bfa01ff1\" class=\"fn\"><a href=\"#996c9c23-6bdb-4508-975b-19b9bfa01ff1\" id=\"996c9c23-6bdb-4508-975b-19b9bfa01ff1-link\">52<\/a><\/sup><\/sup><\/li>\n<\/ul>\n\n\n\n<p><strong>Las mujeres. <\/strong>En virtud del art\u00edculo 9 de la Convenci\u00f3n de Bel\u00e9m do Par\u00e1, los Estados deben \u00abtener especialmente en cuenta la situaci\u00f3n de vulnerabilidad a la violencia de la mujer \u00bb en raz\u00f3n, por ejemplo, de su raza u origen \u00e9tnico o de su condici\u00f3n de migrante, refugiada o desplazada. Los Estados deben prestar una consideraci\u00f3n similar a \u00abla mujer v\u00edctima de violencia cuando est\u00e1 embarazada, es discapacitada, menor de edad, anciana, desfavorecidas socioecon\u00f3micamente, o afectada por conflictos armados o de privaci\u00f3n de libertad\u00bb.<\/p>\n<\/div><\/div>\n\n\n\n<div class=\"wp-block-group\"><div class=\"wp-block-group__inner-container is-layout-constrained wp-block-group-is-layout-constrained\">\n<h4 class=\"wp-block-heading\" id=\"toc-iii-4\"><span class=\"toc-title\">III.4 Se debe una protecci\u00f3n especial contra la <span class=\"glossary-term\" aria-label=\"glossary\" aria-description=\"Violencia Sexual Relacionada con los \n Conflictos\" data-description=\"Violencia Sexual Relacionada con los \n Conflictos\">VSRC<\/span> a los no ciudadanos y no nacionales<\/span><span data-link=\"https:\/\/www.endcrsv.org\/es\/guidebook\/sidh\/#toc-iii-4\" class=\"link-icon\">\ud83d\udd17<\/span><\/h4>\n\n\n\n<p>Seg\u00fan el art\u00edculo 22 de la Convenci\u00f3n Americana, toda persona \u00abtiene derecho a buscar asilo, y a que se le conceda, en territorio extranjero\u00bb si es perseguida \u00abpor delitos pol\u00edticos o delitos comunes conexos\u00bb. En ning\u00fan caso los Estados pueden deportar o devolver a los no ciudadanos y no nacionales<sup><sup data-fn=\"f7203113-49c2-46cc-bb5e-46d0d40b3d94\" class=\"fn\"><a href=\"#f7203113-49c2-46cc-bb5e-46d0d40b3d94\" id=\"f7203113-49c2-46cc-bb5e-46d0d40b3d94-link\">53<\/a><\/sup><\/sup> a un pa\u00eds donde su derecho a la vida o a la libertad personal pueda ser violado a causa de su raza, nacionalidad, religi\u00f3n, condici\u00f3n social u opiniones pol\u00edticas.<\/p>\n\n\n\n<p>La Corte ha afirmado que, en virtud del art\u00edculo 5 de la Convenci\u00f3n Americana,<sup><sup data-fn=\"353fb7ba-d711-40fe-a007-c7ba2b015f34\" class=\"fn\"><a href=\"#353fb7ba-d711-40fe-a007-c7ba2b015f34\" id=\"353fb7ba-d711-40fe-a007-c7ba2b015f34-link\">54<\/a><\/sup><\/sup> los Estados no deben devolver o expulsar a ninguna persona a un Estado en el que su vida o su libertad puedan estar amenazadas como consecuencia de persecuci\u00f3n \u201cpor determinados motivos o por la violencia generalizada, la agresi\u00f3n extranjera, los conflictos internos, la violaci\u00f3n masiva de los derechos humanos u otras circunstancias que hayan perturbado gravemente el orden p\u00fablico\u201d. <sup><sup data-fn=\"8ce426ed-3555-4b50-8b54-f48a2c9694bf\" class=\"fn\"><a href=\"#8ce426ed-3555-4b50-8b54-f48a2c9694bf\" id=\"8ce426ed-3555-4b50-8b54-f48a2c9694bf-link\">55<\/a><\/sup><\/sup><\/p>\n\n\n\n<p>Adem\u00e1s, los Estados no deben devolver o expulsar a ninguna persona a un tercer Estado desde el cual pueda ulteriormente ser devuelta al Estado donde sufri\u00f3 este riesgo.<sup><sup data-fn=\"80dcc90e-8815-4419-91a3-b4bf17555e84\" class=\"fn\"><a href=\"#80dcc90e-8815-4419-91a3-b4bf17555e84\" id=\"80dcc90e-8815-4419-91a3-b4bf17555e84-link\">56<\/a><\/sup><\/sup><\/p>\n<\/div><\/div>\n\n\n\n<div class=\"wp-block-group\"><div class=\"wp-block-group__inner-container is-layout-constrained wp-block-group-is-layout-constrained\">\n<h4 class=\"wp-block-heading\" id=\"toc-iii-5\"><span class=\"toc-title\">III.5 Las personas privadas de libertad deben recibir una protecci\u00f3n especial contra la <span class=\"glossary-term\" aria-label=\"glossary\" aria-description=\"Violencia Sexual Relacionada con los \n Conflictos\" data-description=\"Violencia Sexual Relacionada con los \n Conflictos\">VSRC<\/span><\/span><span data-link=\"https:\/\/www.endcrsv.org\/es\/guidebook\/sidh\/#toc-iii-5\" class=\"link-icon\">\ud83d\udd17<\/span><\/h4>\n\n\n\n<p>En virtud del art\u00edculo 5 de la Convenci\u00f3n Americana, los Estados deben tratar a toda persona privada de libertad con el respeto debido a su dignidad humana. <sup data-fn=\"54944709-aaa5-4f9c-9571-a18cc086349f\" class=\"fn\"><a href=\"#54944709-aaa5-4f9c-9571-a18cc086349f\" id=\"54944709-aaa5-4f9c-9571-a18cc086349f-link\">57<\/a><\/sup><\/p>\n\n\n\n<p>El Estado, responsable de los establecimientos de detenci\u00f3n, debe respetar los derechos fundamentales de los reclusos y proteger su dignidad.<sup data-fn=\"6b8ae349-52e5-4763-acf0-ae4b2231d8f4\" class=\"fn\"><a href=\"#6b8ae349-52e5-4763-acf0-ae4b2231d8f4\" id=\"6b8ae349-52e5-4763-acf0-ae4b2231d8f4-link\">58<\/a><\/sup> Cuando una persona sufre lesiones bajo la custodia de agentes del Estado, \u00e9ste debe dar una explicaci\u00f3n satisfactoria de lo sucedido.<sup><sup data-fn=\"7617947b-23cb-4f57-bfc1-051d662b48ae\" class=\"fn\"><a href=\"#7617947b-23cb-4f57-bfc1-051d662b48ae\" id=\"7617947b-23cb-4f57-bfc1-051d662b48ae-link\">59<\/a><\/sup><\/sup><\/p>\n\n\n\n<p>En el caso del <em>penal Miguel Castro-Castro<\/em>, la Corte examin\u00f3 los actos de violencia sexual llevados a cabo por agentes de la polic\u00eda del Estado contra mujeres indefensas y \u00absometidas al completo control y poder de los agentes del Estado\u00bb.<sup data-fn=\"e6b261ff-27d6-4847-a85d-65452082a65f\" class=\"fn\"><a href=\"#e6b261ff-27d6-4847-a85d-65452082a65f\" id=\"e6b261ff-27d6-4847-a85d-65452082a65f-link\">60<\/a><\/sup> La Corte consider\u00f3 que esta violencia pon\u00eda directamente en peligro la dignidad de esas mujeres y vulneraba su derecho a la integridad personal.<sup data-fn=\"1327c67e-6a42-4fcb-aaf4-4fdad49bd4ca\" class=\"fn\"><a href=\"#1327c67e-6a42-4fcb-aaf4-4fdad49bd4ca\" id=\"1327c67e-6a42-4fcb-aaf4-4fdad49bd4ca-link\">61<\/a><\/sup> La Corte se\u00f1al\u00f3 que la violaci\u00f3n de una detenida por un agente del Estado es un acto especialmente grave y reprobable debido a la vulnerabilidad de la v\u00edctima y al abuso de poder del agente.<sup data-fn=\"d1b6e254-889f-42e8-a1d2-8c0031e135d5\" class=\"fn\"><a href=\"#d1b6e254-889f-42e8-a1d2-8c0031e135d5\" id=\"d1b6e254-889f-42e8-a1d2-8c0031e135d5-link\">62<\/a><\/sup><\/p>\n<\/div><\/div>\n\n\n\n<div class=\"wp-block-group\"><div class=\"wp-block-group__inner-container is-layout-constrained wp-block-group-is-layout-constrained\">\n<h4 class=\"wp-block-heading\" id=\"toc-iii-6\"><span class=\"toc-title\">III.6 Los Estados deben educar a su poblaci\u00f3n sobre la <span class=\"glossary-term\" aria-label=\"glossary\" aria-description=\"Violencia Sexual Relacionada con los \n Conflictos\" data-description=\"Violencia Sexual Relacionada con los \n Conflictos\">VSRC<\/span><\/span><span data-link=\"https:\/\/www.endcrsv.org\/es\/guidebook\/sidh\/#toc-iii-6\" class=\"link-icon\">\ud83d\udd17<\/span><\/h4>\n\n\n\n<p>La Corte ha acogido con satisfacci\u00f3n las medidas que algunos Estados han adoptado para poner fin a la violencia sexual, como:<\/p>\n\n\n\n<ul class=\"wp-block-list\">\n<li>Talleres y cursos sobre la violencia en el sistema educativo;<\/li>\n\n\n\n<li>Protocolos para abordar la prevenci\u00f3n de la violencia sexual; y<\/li>\n\n\n\n<li>Campa\u00f1as de educaci\u00f3n y sensibilizaci\u00f3n para difundir informaci\u00f3n sobre salud sexual y reproductiva, y violencia de g\u00e9nero y sexual, a toda la poblaci\u00f3n. <sup data-fn=\"34806b4f-d53e-45db-9bdd-b435ccb289c1\" class=\"fn\"><a href=\"#34806b4f-d53e-45db-9bdd-b435ccb289c1\" id=\"34806b4f-d53e-45db-9bdd-b435ccb289c1-link\">63<\/a><\/sup><\/li>\n<\/ul>\n\n\n\n<p>De acuerdo con su nivel de madurez, los Estados deben incorporar informaci\u00f3n adecuada y oportuna en los materiales de educaci\u00f3n escolar obligatoria para proporcionar a los estudiantes las herramientas necesarias para prevenir, identificar y denunciar los riesgos y los casos de violencia sexual, incluida la informaci\u00f3n sobre la importancia del consentimiento en las relaciones sexuales.<sup><sup data-fn=\"27328634-db71-4092-923b-9586e3e6e528\" class=\"fn\"><a href=\"#27328634-db71-4092-923b-9586e3e6e528\" id=\"27328634-db71-4092-923b-9586e3e6e528-link\">64<\/a><\/sup><\/sup><\/p>\n\n\n\n<p>En virtud del art\u00edculo 8 de la Convenci\u00f3n de Bel\u00e9m do Par\u00e1, los Estados tambi\u00e9n deben establecer programas de educaci\u00f3n para:<\/p>\n\n\n\n<ul class=\"wp-block-list\">\n<li>Modificar los patrones sociales y culturales de g\u00e9nero y contrarrestar los prejuicios, las costumbres y todas las dem\u00e1s pr\u00e1cticas basadas en la desigualdad de los sexos o en los roles estereotipados de hombres y mujeres \u00abque legitiman o exacerban la violencia contra las mujeres\u00bb;<\/li>\n\n\n\n<li>Animar a los medios de comunicaci\u00f3n a elaborar directrices que contribuyan a erradicar la violencia contra las mujeres en todas sus formas y a fomentar el respeto de la dignidad de la mujer.<\/li>\n<\/ul>\n\n\n\n<p><strong>Capacitaci\u00f3n para los funcionarios del Estado. <\/strong>Para los funcionarios encargados de hacer cumplir la ley, los Estados deben desarrollar normas de formaci\u00f3n relativas a la necesidad de una perspectiva de g\u00e9nero en los procesos penales y la eliminaci\u00f3n de los estereotipos de g\u00e9nero.<sup data-fn=\"278ea397-7796-4f5f-9e2a-a3c2f2b41731\" class=\"fn\"><a href=\"#278ea397-7796-4f5f-9e2a-a3c2f2b41731\" id=\"278ea397-7796-4f5f-9e2a-a3c2f2b41731-link\">65<\/a><\/sup> La formaci\u00f3n debe ir dirigida a deconstruir los estereotipos de g\u00e9nero y las falsas creencias sobre la violencia sexual.<sup><sup data-fn=\"62969909-04fe-44c7-b97b-521c8bb9d8d5\" class=\"fn\"><a href=\"#62969909-04fe-44c7-b97b-521c8bb9d8d5\" id=\"62969909-04fe-44c7-b97b-521c8bb9d8d5-link\">66<\/a><\/sup><\/sup> Adem\u00e1s, los Estados deben formar a los funcionarios de las fuerzas del orden y a los miembros de las fuerzas armadas en materia de derechos humanos y derecho internacional humanitario.<sup><sup data-fn=\"19d6b41b-348d-4dd6-8cc1-0fe2820bf680\" class=\"fn\"><a href=\"#19d6b41b-348d-4dd6-8cc1-0fe2820bf680\" id=\"19d6b41b-348d-4dd6-8cc1-0fe2820bf680-link\">67<\/a><\/sup><\/sup><\/p>\n\n\n\n<ol class=\"wp-block-list\">\n<li>Cuando proceda, los Estados deben establecer un observatorio independiente para supervisar la capacitaci\u00f3n de los agentes de polic\u00eda<sup><sup data-fn=\"4cf62ddd-344c-4a73-b308-784273d3b729\" class=\"fn\"><a href=\"#4cf62ddd-344c-4a73-b308-784273d3b729\" id=\"4cf62ddd-344c-4a73-b308-784273d3b729-link\">68<\/a><\/sup><\/sup> dirigida a:<\/li>\n\n\n\n<li>Sensibilizar a las fuerzas policiales para que incluyan una perspectiva de g\u00e9nero sobre el car\u00e1cter discriminatorio de los estereotipos de g\u00e9nero durante las operaciones policiales, y sobre el deber de respetar y proteger a la poblaci\u00f3n civil con la que entran en contacto.<\/li>\n\n\n\n<li>Capacitar a los agentes de polic\u00eda en las normas de uso de la fuerza. Este plan de capacitaci\u00f3n debe ser incorporado en el curso de formaci\u00f3n regular de los miembros de las fuerzas estatales y policiales.<sup><sup data-fn=\"eaa1be8e-db57-4bdd-abbc-b2dbf016fc39\" class=\"fn\"><a href=\"#eaa1be8e-db57-4bdd-abbc-b2dbf016fc39\" id=\"eaa1be8e-db57-4bdd-abbc-b2dbf016fc39-link\">69<\/a><\/sup><\/sup> En virtud del art\u00edculo 7 de la <span class=\"glossary-term\" aria-label=\"glossary\" aria-description=\"Convenci\u00f3n Interamericana para Prevenir\n  y Sancionar la Tortura\" data-description=\"Convenci\u00f3n Interamericana para Prevenir\n  y Sancionar la Tortura\">CIPST<\/span>, los Estados deben hacer hincapi\u00e9 en la prohibici\u00f3n del uso de la tortura durante el interrogatorio, la detenci\u00f3n o el arresto en la formaci\u00f3n de los agentes de polic\u00eda y otros funcionarios p\u00fablicos encargados de la custodia de las personas privadas de libertad.<\/li>\n<\/ol>\n<\/div><\/div>\n\n\n\n<h3 class=\"wp-block-heading\" id=\"toc-justicia\"><span class=\"toc-title\">Justicia y responsabilidad <\/span><span data-link=\"https:\/\/www.endcrsv.org\/es\/guidebook\/sidh\/#toc-justicia\" class=\"link-icon\">\ud83d\udd17<\/span><\/h3>\n\n\n\n<div class=\"wp-block-group\"><div class=\"wp-block-group__inner-container is-layout-constrained wp-block-group-is-layout-constrained\">\n<h4 class=\"wp-block-heading\" id=\"toc-iii-7\"><span class=\"toc-title\">III.7 Los Estados deben investigar y perseguir la <span class=\"glossary-term\" aria-label=\"glossary\" aria-description=\"Violencia Sexual Relacionada con los \n Conflictos\" data-description=\"Violencia Sexual Relacionada con los \n Conflictos\">VSRC<\/span><\/span><span data-link=\"https:\/\/www.endcrsv.org\/es\/guidebook\/sidh\/#toc-iii-7\" class=\"link-icon\">\ud83d\udd17<\/span><\/h4>\n\n\n\n<p>En virtud de los art\u00edculos 1.1 y 5 de la Convenci\u00f3n Americana, los Estados deben investigar los posibles actos de tortura o <span class=\"glossary-term\" aria-label=\"glossary\" aria-description=\"Otros Tratos o Penas Crueles, Inhumanos \n o Degradantes\" data-description=\"Otros Tratos o Penas Crueles, Inhumanos \n o Degradantes\">malos tratos<\/span> para garantizar el derecho de toda persona a la integridad personal. <sup><sup data-fn=\"b19d8633-f0ff-4e41-9a19-4d1a54d09bba\" class=\"fn\"><a href=\"#b19d8633-f0ff-4e41-9a19-4d1a54d09bba\" id=\"b19d8633-f0ff-4e41-9a19-4d1a54d09bba-link\">70<\/a><\/sup><\/sup><\/p>\n\n\n\n<p>Cuando existan razones fundadas para creer que se ha cometido tortura o <span class=\"glossary-term\" aria-label=\"glossary\" aria-description=\"Otros Tratos o Penas Crueles, Inhumanos \n o Degradantes\" data-description=\"Otros Tratos o Penas Crueles, Inhumanos \n o Degradantes\">malos tratos<\/span>, los Estados deben abrir y llevar a cabo una investigaci\u00f3n. Los Estados no pueden utilizar otras decisiones o procedimientos legales, como el hecho de que una violaci\u00f3n pueda haber sido objeto de un derecho de acci\u00f3n privada, para justificar la no apertura de una investigaci\u00f3n. <sup><sup data-fn=\"19dc51f7-6499-4ff2-8f1f-8857490ef99b\" class=\"fn\"><a href=\"#19dc51f7-6499-4ff2-8f1f-8857490ef99b\" id=\"19dc51f7-6499-4ff2-8f1f-8857490ef99b-link\">71<\/a><\/sup><\/sup><\/p>\n\n\n\n<p>En el curso de una investigaci\u00f3n penal sobre violencia sexual, los Estados deben:<\/p>\n\n\n\n<ol class=\"wp-block-list\">\n<li>Documentar y coordinar los procedimientos de investigaci\u00f3n, evitar omisiones en la recogida de pruebas y procesarlas con diligencia;<\/li>\n\n\n\n<li>Proporcionar a la v\u00edctima\/superviviente informaci\u00f3n sobre cualquier avance en la investigaci\u00f3n y el proceso penal y, en su caso, garantizar su adecuada participaci\u00f3n en todas las etapas de la investigaci\u00f3n y el juicio;<\/li>\n\n\n\n<li>Brindar a la v\u00edctima\/superviviente asistencia jur\u00eddica gratuita durante todas las etapas del procedimiento;<\/li>\n\n\n\n<li>Brindar, si as\u00ed se requiere \u00abatenci\u00f3n m\u00e9dica, sanitaria y psicol\u00f3gica, tanto de forma urgencia como continuada a la v\u00edctima\u00bb;<sup><sup data-fn=\"f929077b-37fd-43c2-99bd-47bc8feb58e2\" class=\"fn\"><a href=\"#f929077b-37fd-43c2-99bd-47bc8feb58e2\" id=\"f929077b-37fd-43c2-99bd-47bc8feb58e2-link\">72<\/a><\/sup><\/sup><\/li>\n\n\n\n<li>Proporcionar a la v\u00edctima\/superviviente,<sup><sup data-fn=\"aeedf5e3-17c6-46a5-95c5-e6d177b7ef8c\" class=\"fn\"><a href=\"#aeedf5e3-17c6-46a5-95c5-e6d177b7ef8c\" id=\"aeedf5e3-17c6-46a5-95c5-e6d177b7ef8c-link\">73<\/a><\/sup><\/sup> as\u00ed como, en su caso, a otras personas implicadas como testigos, peritos o familiares, garant\u00edas para su seguridad; <sup><sup data-fn=\"dcb5ac70-907a-4a46-8f89-64826bbf2965\" class=\"fn\"><a href=\"#dcb5ac70-907a-4a46-8f89-64826bbf2965\" id=\"dcb5ac70-907a-4a46-8f89-64826bbf2965-link\">74<\/a><\/sup><\/sup><\/li>\n\n\n\n<li>Dotar a los diferentes \u00f3rganos del sistema de justicia implicados de todos los recursos humanos y materiales necesarios para \u00abrealizar sus tareas de forma adecuada, independiente e imparcial\u00bb.<sup><sup data-fn=\"856b5263-3cc8-435b-bb08-e3b21e496017\" class=\"fn\"><a href=\"#856b5263-3cc8-435b-bb08-e3b21e496017\" id=\"856b5263-3cc8-435b-bb08-e3b21e496017-link\">75<\/a><\/sup><\/sup><\/li>\n<\/ol>\n\n\n\n<p>Las investigaciones deben ser \u00abserias, imparciales y efectivas\u00bb,<sup><sup data-fn=\"2a699d22-56c1-4844-b847-28efdcb9954a\" class=\"fn\"><a href=\"#2a699d22-56c1-4844-b847-28efdcb9954a\" id=\"2a699d22-56c1-4844-b847-28efdcb9954a-link\">76<\/a><\/sup><\/sup> tanto si el autor es un agente estatal como privado.<\/p>\n\n\n\n<p>Las investigaciones deben estar encaminadas \u201ca determinar la verdad y orientada a la persecuci\u00f3n, captura, enjuiciamiento y eventual castigo de los autores\u201d.<sup><sup data-fn=\"749d5457-12d5-4f9e-9844-084653d25362\" class=\"fn\"><a href=\"#749d5457-12d5-4f9e-9844-084653d25362\" id=\"749d5457-12d5-4f9e-9844-084653d25362-link\">77<\/a><\/sup><\/sup> No investigar la tortura y la violencia sexual en conflictos armados y\/o dentro de patrones sistem\u00e1ticos \u00abconstituye un incumplimiento de las obligaciones del Estado frente a graves violaciones derechos humanos\u00bb.<sup data-fn=\"762351eb-f522-483f-b073-cbaed7636e00\" class=\"fn\"><a href=\"#762351eb-f522-483f-b073-cbaed7636e00\" id=\"762351eb-f522-483f-b073-cbaed7636e00-link\">78<\/a><\/sup><\/p>\n\n\n\n<p>En virtud de los art\u00edculos 1.1, 8 y 25 de la Convenci\u00f3n Americana, los Estados deben garantizar que las v\u00edctimas\/supervivientes o sus familiares conozcan la verdad sobre las violaciones de derechos humanos que han sufrido,<sup data-fn=\"e90d9cb4-a27f-48ca-8ec7-5b14b896f706\" class=\"fn\"><a href=\"#e90d9cb4-a27f-48ca-8ec7-5b14b896f706\" id=\"e90d9cb4-a27f-48ca-8ec7-5b14b896f706-link\">79<\/a><\/sup> incluso mediante la divulgaci\u00f3n p\u00fablica de los resultados de los procesos penales y de investigaci\u00f3n. <sup data-fn=\"21e281f6-ec69-45ab-8580-bc03962bf4f9\" class=\"fn\"><a href=\"#21e281f6-ec69-45ab-8580-bc03962bf4f9\" id=\"21e281f6-ec69-45ab-8580-bc03962bf4f9-link\">80<\/a><\/sup><\/p>\n\n\n\n<p>Para ello, los Estados deben recopilar datos y cifras relativos a los casos de violencia sexual para desarrollar pol\u00edticas de prevenci\u00f3n m\u00e1s efectivas,<sup><sup data-fn=\"957a6fa3-1c85-4e13-b7c1-4843bb1c1f58\" class=\"fn\"><a href=\"#957a6fa3-1c85-4e13-b7c1-4843bb1c1f58\" id=\"957a6fa3-1c85-4e13-b7c1-4843bb1c1f58-link\">81<\/a><\/sup><\/sup> \u00abdesglosando los datos por comunidades, origen \u00e9tnico, religi\u00f3n o creencias, salud, edad, clase, estatus migratorio y situaci\u00f3n econ\u00f3mica\u00bb. Los Estados deben indicar el n\u00famero de casos enjuiciados y el n\u00famero de acusaciones, condenas y absoluciones.<sup><sup data-fn=\"48605720-e54d-4262-9413-a7ad858ade34\" class=\"fn\"><a href=\"#48605720-e54d-4262-9413-a7ad858ade34\" id=\"48605720-e54d-4262-9413-a7ad858ade34-link\">82<\/a><\/sup><\/sup><\/p>\n\n\n\n<p><strong><span class=\"glossary-term\" aria-label=\"glossary\" aria-description=\"Convenci\u00f3n Interamericana para Prevenir\n  y Sancionar la Tortura\" data-description=\"Convenci\u00f3n Interamericana para Prevenir\n  y Sancionar la Tortura\">CIPST<\/span>. <\/strong>En virtud de los art\u00edculos 1, 6 y 8 del CPIDCP, los Estados deben adoptar medidas eficaces para prevenir y castigar la tortura y los <span class=\"glossary-term\" aria-label=\"glossary\" aria-description=\"Otros Tratos o Penas Crueles, Inhumanos \n o Degradantes\" data-description=\"Otros Tratos o Penas Crueles, Inhumanos \n o Degradantes\">malos tratos<\/span> dentro de su jurisdicci\u00f3n con penas acordes.<\/p>\n\n\n\n<p>En virtud del art\u00edculo 8, los Estados deben examinar imparcialmente los casos de personas que aleguen ser v\u00edctimas de tortura. Si existe una denuncia o razones fundadas para creer que se ha cometido tortura dentro de su jurisdicci\u00f3n, los Estados deben llevar a cabo adecuada e inmediatamente una investigaci\u00f3n del caso, e iniciar, cuando proceda, los procedimientos penales correspondientes. <sup data-fn=\"50d17534-8350-437c-b8d6-4ef538fa47d1\" class=\"fn\"><a href=\"#50d17534-8350-437c-b8d6-4ef538fa47d1\" id=\"50d17534-8350-437c-b8d6-4ef538fa47d1-link\">83<\/a><\/sup><\/p>\n\n\n\n<p>En virtud del art\u00edculo 12, un Estado debe perseguir la tortura y los <span class=\"glossary-term\" aria-label=\"glossary\" aria-description=\"Otros Tratos o Penas Crueles, Inhumanos \n o Degradantes\" data-description=\"Otros Tratos o Penas Crueles, Inhumanos \n o Degradantes\">malos tratos<\/span>:<\/p>\n\n\n\n<ol class=\"wp-block-list\">\n<li>Cuando se cometan dentro de su jurisdicci\u00f3n;<\/li>\n\n\n\n<li>Cuando el presunto autor sea nacional de ese Estado; o<\/li>\n\n\n\n<li>Cuando la v\u00edctima\/superviviente sea nacional de ese Estado.<\/li>\n<\/ol>\n\n\n\n<p>Los Estados tambi\u00e9n deben tomar medidas para perseguir la tortura y los <span class=\"glossary-term\" aria-label=\"glossary\" aria-description=\"Otros Tratos o Penas Crueles, Inhumanos \n o Degradantes\" data-description=\"Otros Tratos o Penas Crueles, Inhumanos \n o Degradantes\">malos tratos<\/span> cuando el presunto autor se encuentre en una zona bajo su jurisdicci\u00f3n y no proceda extraditarlo.<\/p>\n\n\n\n<p><strong>Convenci\u00f3n de Bel\u00e9m do Par\u00e1. <\/strong>Seg\u00fan el art\u00edculo 7(b) de la Convenci\u00f3n de Bel\u00e9m do Par\u00e1, los Estados deben investigar y sancionar la violencia contra las mujeres con la debida diligencia.<sup><sup data-fn=\"06752a7f-f15c-45ef-a773-c1394e132d0a\" class=\"fn\"><a href=\"#06752a7f-f15c-45ef-a773-c1394e132d0a\" id=\"06752a7f-f15c-45ef-a773-c1394e132d0a-link\">84<\/a><\/sup><\/sup> Los Estados deben realizar las investigaciones con determinaci\u00f3n y eficacia, debido al deber de la sociedad de rechazar la violencia contra la mujer y a la obligaci\u00f3n del Estado de erradicarla y de inspirar confianza a las v\u00edctimas\/supervivientes en las instituciones creadas para protegerlas. <sup><sup data-fn=\"3a7e17cd-a11f-4650-859b-2373c03837d0\" class=\"fn\"><a href=\"#3a7e17cd-a11f-4650-859b-2373c03837d0\" id=\"3a7e17cd-a11f-4650-859b-2373c03837d0-link\">85<\/a><\/sup><\/sup><\/p>\n\n\n\n<p>Los Estados no deben imponer condiciones sesgadas y diferenciadas para iniciar investigaciones por violencia sexual.<sup><sup data-fn=\"428552c2-2079-4af0-a25c-2fba8e6053de\" class=\"fn\"><a href=\"#428552c2-2079-4af0-a25c-2fba8e6053de\" id=\"428552c2-2079-4af0-a25c-2fba8e6053de-link\">86<\/a><\/sup><\/sup> Por ejemplo, los Estados no pueden esperar a que una v\u00edctima\/superviviente presente una denuncia para iniciar una investigaci\u00f3n por violencia sexual.<sup><sup data-fn=\"29a079c9-cdfd-4b5f-93ac-08447e87862d\" class=\"fn\"><a href=\"#29a079c9-cdfd-4b5f-93ac-08447e87862d\" id=\"29a079c9-cdfd-4b5f-93ac-08447e87862d-link\">87<\/a><\/sup><\/sup><\/p>\n\n\n\n<p><strong>Violencia sexual a gran escala. <\/strong>Al investigar la violencia sexual a gran escala, los Estados deben tener en cuenta el patr\u00f3n sistem\u00e1tico de violaciones graves y masivas de los derechos humanos que exist\u00eda en el momento en que se produjo la violencia,<sup data-fn=\"7bd8c9df-8361-459f-b98c-c69fe13bd04b\" class=\"fn\"><a href=\"#7bd8c9df-8361-459f-b98c-c69fe13bd04b\" id=\"7bd8c9df-8361-459f-b98c-c69fe13bd04b-link\">88<\/a><\/sup> e investigar dicha violencia con una perspectiva de g\u00e9nero.<sup data-fn=\"f2de5d57-57cb-46c2-a9e5-ed247299d6e8\" class=\"fn\"><a href=\"#f2de5d57-57cb-46c2-a9e5-ed247299d6e8\" id=\"f2de5d57-57cb-46c2-a9e5-ed247299d6e8-link\">89<\/a><\/sup><\/p>\n<\/div><\/div>\n\n\n\n<div class=\"wp-block-group\"><div class=\"wp-block-group__inner-container is-layout-constrained wp-block-group-is-layout-constrained\">\n<h4 class=\"wp-block-heading\" id=\"toc-iii-8\"><span class=\"toc-title\">III.8 Los Estados deben llevar a cabo los procedimientos en un plazo razonable<\/span><span data-link=\"https:\/\/www.endcrsv.org\/es\/guidebook\/sidh\/#toc-iii-8\" class=\"link-icon\">\ud83d\udd17<\/span><\/h4>\n\n\n\n<p>En virtud de los art\u00edculos 1(1), 8(1) y 25(1) de la Convenci\u00f3n Americana, los Estados deben proporcionar a toda persona, incluidas las \u00abpresuntas v\u00edctimas o sus familiares\u00bb,<sup><sup data-fn=\"e67aabee-5500-4906-8069-57d66748dfeb\" class=\"fn\"><a href=\"#e67aabee-5500-4906-8069-57d66748dfeb\" id=\"e67aabee-5500-4906-8069-57d66748dfeb-link\">90<\/a><\/sup><\/sup> el derecho a ser o\u00edda \u00abpor un tribunal competente, independiente e imparcial\u00bb dentro de un plazo razonable.<\/p>\n\n\n\n<p>La Corte ha determinado lo que constituye un plazo razonable teniendo en cuenta la duraci\u00f3n total del procedimiento, \u00abdesde el primer acto procesal hasta la sentencia definitiva\u00bb.<sup><sup data-fn=\"51d347fc-2174-464f-9321-8f74d1a58e52\" class=\"fn\"><a href=\"#51d347fc-2174-464f-9321-8f74d1a58e52\" id=\"51d347fc-2174-464f-9321-8f74d1a58e52-link\">91<\/a><\/sup><\/sup> La Corte ha considerado cuatro elementos para analizar si se cumpl\u00eda la garant\u00eda del plazo razonable, a saber:<\/p>\n\n\n\n<ol class=\"wp-block-list\">\n<li><\/li>\n<\/ol>\n\n\n\n<ul class=\"wp-block-list\">\n<li>La complejidad del asunto;<\/li>\n\n\n\n<li>La actividad procesal del interesado;<\/li>\n\n\n\n<li>La conducta de las autoridades judiciales; y<\/li>\n\n\n\n<li>La afectaci\u00f3n generada en la situaci\u00f3n jur\u00eddica de la persona involucrada en el procedimiento.<\/li>\n<\/ul>\n<\/div><\/div>\n\n\n\n<div class=\"wp-block-group\"><div class=\"wp-block-group__inner-container is-layout-constrained wp-block-group-is-layout-constrained\">\n<h4 class=\"wp-block-heading\" id=\"toc-iii-9\"><span class=\"toc-title\"><a id=\"post-898-_Toc31290607\"><\/a>III.9 Los Estados deben evitar la revictimizaci\u00f3n de las v\u00edctimas\/supervivientes de la <span class=\"glossary-term\" aria-label=\"glossary\" aria-description=\"Violencia Sexual Relacionada con los \n Conflictos\" data-description=\"Violencia Sexual Relacionada con los \n Conflictos\">VSRC<\/span> durante los procedimientos.<\/span><span data-link=\"https:\/\/www.endcrsv.org\/es\/guidebook\/sidh\/#toc-iii-9\" class=\"link-icon\">\ud83d\udd17<\/span><\/h4>\n\n\n\n<p>Al investigar la violencia sexual, los Estados deben intentar \u00abevitar la revictimizaci\u00f3n o la reexperimentaci\u00f3n de la profunda experiencia traum\u00e1tica a la presunta v\u00edctima \u00ab.<sup><sup data-fn=\"a99c3489-f20c-4d6f-b4b3-b6eeb67cd942\" class=\"fn\"><a href=\"#a99c3489-f20c-4d6f-b4b3-b6eeb67cd942\" id=\"a99c3489-f20c-4d6f-b4b3-b6eeb67cd942-link\">92<\/a><\/sup><\/sup> No es necesario que una v\u00edctima\/superviviente denuncie los hechos m\u00e1s de una vez \u00abpara que surge la obligaci\u00f3n de investigar\u00bb.<sup data-fn=\"cfde5822-e936-49bf-aaa5-67da8341c2b0\" class=\"fn\"><a href=\"#cfde5822-e936-49bf-aaa5-67da8341c2b0\" id=\"cfde5822-e936-49bf-aaa5-67da8341c2b0-link\">93<\/a><\/sup> Los Estados no deben exigir a las v\u00edctimas\/supervivientes de violencia sexual que describan repetidamente la violencia cada vez que se dirijan a las autoridades.<sup data-fn=\"1537b340-c16d-41d2-a69f-d3e6183c793c\" class=\"fn\"><a href=\"#1537b340-c16d-41d2-a69f-d3e6183c793c\" id=\"1537b340-c16d-41d2-a69f-d3e6183c793c-link\">94<\/a><\/sup><\/p>\n\n\n\n<p>Durante una investigaci\u00f3n penal sobre violencia sexual, los Estados deben: <sup><sup data-fn=\"6a420880-708e-4d7e-b80c-2fe4e4125200\" class=\"fn\"><a href=\"#6a420880-708e-4d7e-b80c-2fe4e4125200\" id=\"6a420880-708e-4d7e-b80c-2fe4e4125200-link\">95<\/a><\/sup><\/sup><\/p>\n\n\n\n<ul class=\"wp-block-list\">\n<li>Tomar declaraci\u00f3n a la v\u00edctima\/superviviente en un entorno privado, seguro y c\u00f3modo. Los Estados deben permitir que la v\u00edctima\/superviviente describa libremente lo que considere relevante y se sienta c\u00f3moda discutiendo;<\/li>\n\n\n\n<li>Grabar la declaraci\u00f3n de la v\u00edctima\/superviviente para evitar o limitar la necesidad de repetirla;<\/li>\n\n\n\n<li>Proporcionar a la v\u00edctima\/superviviente tratamiento m\u00e9dico, psicol\u00f3gico e sanitario de urgencia, \u00aby de forma continuada si fuera necesario\u00bb, destinado a reducir las consecuencias de la violaci\u00f3n;<\/li>\n\n\n\n<li><a id=\"post-898-_Hlk130976715\"><\/a> Disponer de personal adecuado, capacitado e independiente que realice inmediatamente un examen m\u00e9dico y psicol\u00f3gico completo y detallado.<sup><sup data-fn=\"f41dee03-3c0f-4916-affd-43dbdd235ecd\" class=\"fn\"><a href=\"#f41dee03-3c0f-4916-affd-43dbdd235ecd\" id=\"f41dee03-3c0f-4916-affd-43dbdd235ecd-link\">96<\/a><\/sup><\/sup> El personal debe ser del sexo preferido por la v\u00edctima\/superviviente, e informar a la v\u00edctima\/superviviente de que puede estar acompa\u00f1ada por una persona de confianza.<\/li>\n<\/ul>\n<\/div><\/div>\n\n\n\n<div class=\"wp-block-group\"><div class=\"wp-block-group__inner-container is-layout-constrained wp-block-group-is-layout-constrained\">\n<h4 class=\"wp-block-heading\" id=\"toc-iii-10\"><span class=\"toc-title\">III.10 Los Estados deben garantizar que las mujeres v\u00edctimas\/supervivientes de la <span class=\"glossary-term\" aria-label=\"glossary\" aria-description=\"Violencia Sexual Relacionada con los \n Conflictos\" data-description=\"Violencia Sexual Relacionada con los \n Conflictos\">VSRC<\/span> tengan acceso a procedimientos que incorporen la perspectiva de g\u00e9nero<\/span><span data-link=\"https:\/\/www.endcrsv.org\/es\/guidebook\/sidh\/#toc-iii-10\" class=\"link-icon\">\ud83d\udd17<\/span><\/h4>\n\n\n\n<p>En los casos de violencia contra las mujeres, la investigaci\u00f3n penal \u00abdebe incluir una perspectiva de g\u00e9nero y estar a cargo de funcionarios capacitados en casos similares y en la atenci\u00f3n a v\u00edctimas de discriminaci\u00f3n y violencia por raz\u00f3n de g\u00e9nero\u00bb. <sup><sup data-fn=\"14ea000a-9d49-496f-8557-717c23535b61\" class=\"fn\"><a href=\"#14ea000a-9d49-496f-8557-717c23535b61\" id=\"14ea000a-9d49-496f-8557-717c23535b61-link\">97<\/a><\/sup><\/sup><\/p>\n\n\n\n<p>La perspectiva de g\u00e9nero incluye a las mujeres trans. Si a\u00fan no lo han hecho, los Estados deben adoptar un procedimiento de reconocimiento de la identidad de g\u00e9nero para que cualquier persona pueda modificar sus datos personales en los documentos de identidad y registros p\u00fablicos, y para que no se realicen investigaciones de manera discriminatoria.<sup><sup data-fn=\"2ac7d177-d200-4eee-9b6f-1c25de0de62a\" class=\"fn\"><a href=\"#2ac7d177-d200-4eee-9b6f-1c25de0de62a\" id=\"2ac7d177-d200-4eee-9b6f-1c25de0de62a-link\">98<\/a><\/sup><\/sup> Los procedimientos que no se lleven a cabo con perspectiva de g\u00e9nero incumplen la obligaci\u00f3n del Estado establecida en el art\u00edculo 1.1 de respetar y garantizar, sin discriminaci\u00f3n, los derechos contenidos en la Convenci\u00f3n Americana, incluido el derecho a la igualdad ante la ley previsto en el art\u00edculo 24, y \u00ablas obligaciones especiales impuestas por la Convenci\u00f3n de Bel\u00e9m do Par\u00e1\u00bb. <sup><sup data-fn=\"5019811f-47d8-4523-b55b-14c65aa569a4\" class=\"fn\"><a href=\"#5019811f-47d8-4523-b55b-14c65aa569a4\" id=\"5019811f-47d8-4523-b55b-14c65aa569a4-link\">99<\/a><\/sup><\/sup><\/p>\n\n\n\n<p>Por regla general, la perspectiva de g\u00e9nero exige el uso de normas probatorias \u00abque eviten afirmaciones, insinuaciones y alusiones estereotipadas\u00bb. La ausencia de una perspectiva de g\u00e9nero puede, en su defecto, fomentar el uso de estereotipos de g\u00e9nero en la valoraci\u00f3n por parte de los tribunales de las pruebas que demuestran que una v\u00edctima\/superviviente ha sufrido violencia sexual, lo que viola su dignidad humana.<sup><sup data-fn=\"6181cd20-69a0-41c0-b2a5-ed015358ffc8\" class=\"fn\"><a href=\"#6181cd20-69a0-41c0-b2a5-ed015358ffc8\" id=\"6181cd20-69a0-41c0-b2a5-ed015358ffc8-link\">100<\/a><\/sup><\/sup> Los estereotipos refuerzan la idea err\u00f3neamente concebida y discriminatoria de que una v\u00edctima\/superviviente de violencia sexual tiene que ser \u00abd\u00e9bil\u00bb, parecer \u00abindefensa\u00bb, reaccionar o resistirse a la agresi\u00f3n. <sup><sup data-fn=\"10c575b0-5352-4ba9-b293-995cb449177a\" class=\"fn\"><a href=\"#10c575b0-5352-4ba9-b293-995cb449177a\" id=\"10c575b0-5352-4ba9-b293-995cb449177a-link\">101<\/a><\/sup><\/sup><\/p>\n\n\n\n<p><strong>Estudio de caso: Mujeres <em>V\u00edctimas de Tortura Sexual en Atenco vs. M\u00e9xico<\/em>. <\/strong>En el caso Mujeres V\u00edctimas <em>de Tortura Sexual en Atenco vs. M\u00e9xico<\/em>, que se refer\u00eda a la comisi\u00f3n de actos de violencia sexual contra 11 mujeres por parte de polic\u00edas mexicanos, la Corte determin\u00f3 que la falta de conducci\u00f3n de la investigaci\u00f3n con perspectiva de g\u00e9nero por parte del Estado se pod\u00eda observar en las fallas en las etapas iniciales de la investigaci\u00f3n, \u00abespecialmente en la recolecci\u00f3n y manejo de las pruebas\u00bb,<sup><sup data-fn=\"8727651c-6cca-4985-8d31-250783460ede\" class=\"fn\"><a href=\"#8727651c-6cca-4985-8d31-250783460ede\" id=\"8727651c-6cca-4985-8d31-250783460ede-link\">102<\/a><\/sup><\/sup> incluyendo:<\/p>\n\n\n\n<ul class=\"wp-block-list\">\n<li>La negativa a tomar las denuncias realizadas por las mujeres;<\/li>\n\n\n\n<li>La falta de atenci\u00f3n m\u00e9dica y ginecol\u00f3gica;<\/li>\n\n\n\n<li>La no realizaci\u00f3n de peritajes m\u00e9dicos y psicol\u00f3gicos, especialmente las pruebas ginecol\u00f3gicass.<\/li>\n\n\n\n<li>El manejo deficiente de las pruebas recogidas. Las autoridades dieron \u00abpeso excesivo a la ausencia de evidencia f\u00edsicas\u201d.<\/li>\n<\/ul>\n\n\n\n<p>La Corte critic\u00f3 las \u201cdeclaraciones y conductas discriminatorias, estereotipadas y revictimizantes\u201d del caso. Ejemplos de tales declaraciones y conductas son plantear preguntas sobre el comportamiento de la v\u00edctima\/superviviente, preguntarle \u201cqu\u00e9 hab\u00eda hecho para merecer lo que le ocurri\u00f3\u201d, y abrir l\u00edneas de investigaci\u00f3n y redactar informes sobre la conducta social o sexual previa de las v\u00edctimas\/supervivientes sin su consentimiento. La Corte consider\u00f3 que no se justificaba que el historial social, familiar y econ\u00f3mico de las v\u00edctimas\/supervivientes fuera relevante para verificar los hechos e identificar a los autores, y que adem\u00e1s era revictimizante.<sup><sup data-fn=\"d274e4ac-fcda-4fa4-82e0-3b4f03f6ae08\" class=\"fn\"><a href=\"#d274e4ac-fcda-4fa4-82e0-3b4f03f6ae08\" id=\"d274e4ac-fcda-4fa4-82e0-3b4f03f6ae08-link\">103<\/a><\/sup><\/sup><\/p>\n\n\n\n<p><strong>Reconocimientos m\u00e9dicos. <\/strong>En los casos de violencia contra la mujer, los Estados deben disponer de personal adecuado y capacitado para realizar un examen m\u00e9dico y psicol\u00f3gico completo y detallado tan pronto como se tenga conocimiento de los presuntos actos. El personal debe ser del sexo indicado por la v\u00edctima\/superviviente, y debe avisar a la v\u00edctima\/superviviente de que puede ir acompa\u00f1ada por alguien de su confianza. Los ex\u00e1menes deben realizarse de acuerdo con los protocolos dise\u00f1ados para documentar pruebas en casos de violencia de g\u00e9nero, como el Manual para la investigaci\u00f3n y documentaci\u00f3n eficaces de la tortura y otros tratos o penas crueles, inhumanos o degradantes (<a href=\"https:\/\/rm.coe.int\/1680462543\">Protocolo de Estambul<\/a>), y las <a href=\"https:\/\/apps.who.int\/iris\/bitstream\/handle\/10665\/42788\/?sequence=1\"><em>Guidelines for medico-legal care for victims of sexual violence<\/em><\/a> [Directrices de la Organizaci\u00f3n Mundial de la Salud para la atenci\u00f3n m\u00e9dico-legal de las v\u00edctimas de violencia sexual]. <sup><sup data-fn=\"fe8860b4-b02a-47ce-add1-be27054c9167\" class=\"fn\"><a href=\"#fe8860b4-b02a-47ce-add1-be27054c9167\" id=\"fe8860b4-b02a-47ce-add1-be27054c9167-link\">104<\/a><\/sup><\/sup><\/p>\n\n\n\n<p>En los casos en que existan indicios de tortura, los ex\u00e1menes m\u00e9dicos deben realizarse con el consentimiento previo e informado de la v\u00edctima y sin la presencia de agentes de seguridad u otros agentes estatales.<\/p>\n\n\n\n<p>Los Estados deben considerar la idoneidad de los ex\u00e1menes de \u00abintegridad sexual\u00bb caso por caso.<sup><sup data-fn=\"4307342a-ce02-42bf-b913-37a06bc7de61\" class=\"fn\"><a href=\"#4307342a-ce02-42bf-b913-37a06bc7de61\" id=\"4307342a-ce02-42bf-b913-37a06bc7de61-link\">105<\/a><\/sup><\/sup> El personal debe realizar un examen ginecol\u00f3gico y anal si procede, con el consentimiento informado previo de la v\u00edctima\/superviviente, durante las primeras 72 horas tras la denuncia del acto. Tambi\u00e9n pueden realizarse ex\u00e1menes ginecol\u00f3gicos despu\u00e9s de las primeras 72 horas toda vez que evidencias pueden ser encontradas tiempo despu\u00e9s del acto de violencia sexual.<\/p>\n\n\n\n<p>La autoridad que solicite un examen ginecol\u00f3gico debe justificar detallademante su conveniencia y, si no es el caso o si la v\u00edctima\/superviviente no ha dado su consentimiento informado, la autoridad debe renunciar al examen. Esto no debe afectar a la credibilidad de la v\u00edctima\/superviviente ni ser motivo para no iniciar una investigaci\u00f3n. <sup><sup data-fn=\"9e4402d2-abdd-4ac7-a490-696346c8467a\" class=\"fn\"><a href=\"#9e4402d2-abdd-4ac7-a490-696346c8467a\" id=\"9e4402d2-abdd-4ac7-a490-696346c8467a-link\">106<\/a><\/sup><\/sup><\/p>\n\n\n\n<p>El uso de la fuerza y\/o ignorar las se\u00f1ales de dolor e incomodidad de una v\u00edctima\/superviviente en el transcurso de los ex\u00e1menes m\u00e9dicos nunca son admisibles.<sup><sup data-fn=\"ccd12a08-7663-46f7-aa38-bb342a1dcb53\" class=\"fn\"><a href=\"#ccd12a08-7663-46f7-aa38-bb342a1dcb53\" id=\"ccd12a08-7663-46f7-aa38-bb342a1dcb53-link\">107<\/a><\/sup><\/sup><\/p>\n<\/div><\/div>\n\n\n\n<div class=\"wp-block-group\"><div class=\"wp-block-group__inner-container is-layout-constrained wp-block-group-is-layout-constrained\">\n<h4 class=\"wp-block-heading\" id=\"toc-iii-11\"><span class=\"toc-title\">III.11 Los Estados deben garantizar que los ni\u00f1os y las ni\u00f1as v\u00edctimas\/supervivientes de la <span class=\"glossary-term\" aria-label=\"glossary\" aria-description=\"Violencia Sexual Relacionada con los \n Conflictos\" data-description=\"Violencia Sexual Relacionada con los \n Conflictos\">VSRC<\/span> tengan acceso a procedimientos adaptados a sus necesidades<\/span><span data-link=\"https:\/\/www.endcrsv.org\/es\/guidebook\/sidh\/#toc-iii-11\" class=\"link-icon\">\ud83d\udd17<\/span><\/h4>\n\n\n\n<p>En casos de violencia sexual contra un ni\u00f1o, ni\u00f1a o adolescente, los Estados deben adoptar \u00abmedidas particularizadas y especiales\u00bb. <sup><sup data-fn=\"4e0be767-4229-48fe-a8e4-4369c87da9db\" class=\"fn\"><a href=\"#4e0be767-4229-48fe-a8e4-4369c87da9db\" id=\"4e0be767-4229-48fe-a8e4-4369c87da9db-link\">108<\/a><\/sup><\/sup><\/p>\n\n\n\n<p>La Corte ha considerado que la <a href=\"https:\/\/www.ohchr.org\/es\/instruments-mechanisms\/instruments\/convention-rights-child\">Convenci\u00f3n sobre los Derechos del Ni\u00f1o<\/a> proporciona a los Estados orientaciones sobre c\u00f3mo proteger los derechos de los ni\u00f1os\/ni\u00f1as y adolescentes mediante la aplicaci\u00f3n de cuatro principios: el principio de no discriminaci\u00f3n, el principio del inter\u00e9s superior del ni\u00f1o o de la ni\u00f1a, el principio de respeto al derecho a la vida, la supervivencia y el desarrollo, y el principio del respeto de la opini\u00f3n del ni\u00f1o o de la ni\u00f1a.<sup><sup data-fn=\"0ea5311f-9a1b-49a3-a9c8-58ee318cc86a\" class=\"fn\"><a href=\"#0ea5311f-9a1b-49a3-a9c8-58ee318cc86a\" id=\"0ea5311f-9a1b-49a3-a9c8-58ee318cc86a-link\">109<\/a><\/sup><\/sup><\/p>\n\n\n\n<p><strong>El principio de no discriminaci\u00f3n. <\/strong>La mayor vulnerabilidad de los ni\u00f1os\/ni\u00f1as y adolescentes a las violaciones de derechos humanos est\u00e1 influenciada por diferentes factores, como la edad, sus circunstancias particulares y su nivel de desarrollo y madurez.<sup><sup data-fn=\"784f41fe-6eb5-4dba-a924-9f151c2e4aad\" class=\"fn\"><a id=\"784f41fe-6eb5-4dba-a924-9f151c2e4aad-link\" href=\"#784f41fe-6eb5-4dba-a924-9f151c2e4aad\">110<\/a><\/sup><\/sup><\/p>\n\n\n\n<p>Los ni\u00f1os, ni\u00f1as y adolescentes pueden enfrentarse a obst\u00e1culos y barreras legales y financieras que violan su autonom\u00eda o les privan de asistencia jur\u00eddica. Los Estados deben eliminar estos obst\u00e1culos porque no s\u00f3lo contribuyen a una denegaci\u00f3n de justicia, sino que son discriminatorios porque impiden que los ni\u00f1os accedan a la justicia \u00aben condiciones de igualdad\u00bb.<sup><sup data-fn=\"f3c61f28-2a42-46f0-b3ac-50cb51a34153\" class=\"fn\"><a href=\"#f3c61f28-2a42-46f0-b3ac-50cb51a34153\" id=\"f3c61f28-2a42-46f0-b3ac-50cb51a34153-link\">111<\/a><\/sup><\/sup><\/p>\n\n\n\n<p>La vulnerabilidad de las ni\u00f1as a las violaciones de los derechos humanos puede verse incrementada por la discriminaci\u00f3n hist\u00f3rica que ha contribuido a que mujeres y ni\u00f1as est\u00e9n m\u00e1s expuestas a la violencia sexual. En virtud del art\u00edculo 9 de la Convenci\u00f3n de Bel\u00e9m do Par\u00e1, al examinar los casos de violencia contra las ni\u00f1as, los Estados deben tener en cuenta su vulnerabilidad debido a su edad.<sup><sup data-fn=\"cdf44b85-edd4-40fa-aa8f-a2710c0f7260\" class=\"fn\"><a href=\"#cdf44b85-edd4-40fa-aa8f-a2710c0f7260\" id=\"cdf44b85-edd4-40fa-aa8f-a2710c0f7260-link\">112<\/a><\/sup><\/sup><\/p>\n\n\n\n<p><strong>El principio del inter\u00e9s superior del ni\u00f1o. <\/strong>En todos los procedimientos relativos a menores, los Estados deben dar prioridad a su inter\u00e9s superior.<\/p>\n\n\n\n<p>Para evitar la revictimizaci\u00f3n y permitir que el ni\u00f1o, ni\u00f1a o adolescente desempe\u00f1e un papel efectivo en el proceso penal, los Estados deben proporcionar a los ni\u00f1os\/ni\u00f1as protecci\u00f3n especial y apoyo especializado, incluido apoyo psicosocial, \u00abdesde que el Estado conozca la violaci\u00f3n de sus derechos, y de forma ininterrumpida, hasta que esos servicios dejen de ser necesarios\u00bb.<sup><sup data-fn=\"154cfc50-91f2-4d16-94c3-6291dd41b583\" class=\"fn\"><a href=\"#154cfc50-91f2-4d16-94c3-6291dd41b583\" id=\"154cfc50-91f2-4d16-94c3-6291dd41b583-link\">113<\/a><\/sup><\/sup><\/p>\n\n\n\n<p><strong>El principio de respeto del derecho a la vida, la supervivencia y el desarrollo. <\/strong>Los ni\u00f1os\/ni\u00f1as v\u00edctimas de violencia sexual pueden sufrir graves consecuencias f\u00edsicas, psicol\u00f3gicas y emocionales, as\u00ed como victimizaci\u00f3n a manos de los Estados cuando participan en procesos penales.<\/p>\n\n\n\n<p>Si un Estado considera que la participaci\u00f3n del ni\u00f1o, ni\u00f1a o adolescente es necesaria y puede contribuir a la obtenci\u00f3n de pruebas, debe evitar en todo momento su revictimizaci\u00f3n y contar con su participaci\u00f3n lo menos posible, evitando la presencia o interacci\u00f3n con el autor. <sup><sup data-fn=\"0ef36a90-6143-4c58-9012-52f1c00cd0a9\" class=\"fn\"><a href=\"#0ef36a90-6143-4c58-9012-52f1c00cd0a9\" id=\"0ef36a90-6143-4c58-9012-52f1c00cd0a9-link\">114<\/a><\/sup><\/sup><\/p>\n\n\n\n<p>Los Estados deben adoptar medidas de protecci\u00f3n, incluida la prestaci\u00f3n de atenci\u00f3n m\u00e9dica y psicosocial, tan pronto como se conozcan los hechos. Deben hacerlo no s\u00f3lo \u00abantes y durante las investigaciones y el proceso penal\u00bb, sino tambi\u00e9n despu\u00e9s, para permitir que el ni\u00f1o, ni\u00f1a o adolescente logre su recuperaci\u00f3n, rehabilitaci\u00f3n y reintegraci\u00f3n social, teniendo en cuanta su derecho a la supervivencia y al desarrollo integral. Los Estados deben extender estas medidas tambi\u00e9n a la familia de las v\u00edctimas\/supervivientes.<sup><sup data-fn=\"a111591f-7aa7-4d60-8247-87a522bf34a7\" class=\"fn\"><a href=\"#a111591f-7aa7-4d60-8247-87a522bf34a7\" id=\"a111591f-7aa7-4d60-8247-87a522bf34a7-link\">115<\/a><\/sup><\/sup><\/p>\n\n\n\n<p><strong>El principio de respeto a la opini\u00f3n del ni\u00f1o\/ni\u00f1a<\/strong>. En todos los procedimientos que afecten a ni\u00f1os\/ni\u00f1as, los Estados deben asegurar su participaci\u00f3n \u201ccon las debidas garant\u00edas y dentro de un plazo razonable\u201d.<sup><sup data-fn=\"d770bae8-b057-4dc3-ad47-1ddca0d28246\" class=\"fn\"><a href=\"#d770bae8-b057-4dc3-ad47-1ddca0d28246\" id=\"d770bae8-b057-4dc3-ad47-1ddca0d28246-link\">116<\/a><\/sup><\/sup><\/p>\n\n\n\n<p>Los Estados deben proporcionar a los ni\u00f1os, ni\u00f1as y adolescentes:<\/p>\n\n\n\n<ul class=\"wp-block-list\">\n<li>Los mecanismos necesarios para denunciar las infracciones;<\/li>\n\n\n\n<li>La posibilidad de que participen activamente en los procedimientos judiciales, con voz propia y, con asistencia letrada, \u00aben defensa de sus derechos, seg\u00fan su edad y grado de madurez\u00bb;<\/li>\n\n\n\n<li>La asistencia letrada gratuita de un abogado \u00abespecializado en ni\u00f1ez y adolescencia\u00bb, independientemente de los recursos econ\u00f3micos y de la opini\u00f3n de sus padres.<sup><sup data-fn=\"3e6d740a-eabe-4332-a4cb-3ca773fdb1a8\" class=\"fn\"><a href=\"#3e6d740a-eabe-4332-a4cb-3ca773fdb1a8\" id=\"3e6d740a-eabe-4332-a4cb-3ca773fdb1a8-link\">117<\/a><\/sup><\/sup><\/li>\n<\/ul>\n\n\n\n<p>Para garantizar el derecho de los ni\u00f1os, ni\u00f1as y adolescentes a ser o\u00eddos, los Estados deben llevar a cabo los procedimientos en un entorno que no sea intimidatorio, hostil, insensible o inadecuado a su edad, y que el personal que trabaje con el ni\u00f1o, ni\u00f1a o adolescente est\u00e9 cualificado.<sup><sup data-fn=\"95702745-2261-434a-b288-53f7efc36db2\" class=\"fn\"><a href=\"#95702745-2261-434a-b288-53f7efc36db2\" id=\"95702745-2261-434a-b288-53f7efc36db2-link\">118<\/a><\/sup><\/sup> Los Estados deben capacitar al personal, incluidas las autoridades administrativas, judiciales, fiscales y personal de salud, para que se comuniquen con los ni\u00f1os, ni\u00f1as y adolescentes utilizando un lenguaje y una terminolog\u00eda adecuados a su edad y que no sean estigmatizantes, ofensivos o discriminatorios, y permitir que los ni\u00f1os, ni\u00f1as y adolescentes cuenten sus experiencias de la manera que ellos elijan.<sup><sup data-fn=\"92c74f73-7194-4e46-ba49-44572756eab4\" class=\"fn\"><a href=\"#92c74f73-7194-4e46-ba49-44572756eab4\" id=\"92c74f73-7194-4e46-ba49-44572756eab4-link\">119<\/a><\/sup><\/sup><\/p>\n\n\n\n<p>Los Estados deben tratar a los ni\u00f1os, ni\u00f1as y adolescentes con tacto y sensibilidad a lo largo de todo el proceso penal, y explicarles las razones y la utilidad de los procedimientos que se llevar\u00e1n a cabo o la naturaleza de los informes periciales a los que ser\u00e1n sometidos, en funci\u00f3n de su edad, grado de madurez y desarrollo.<sup><sup data-fn=\"1b0cb71e-46c1-4b09-88ae-5173067faf81\" class=\"fn\"><a href=\"#1b0cb71e-46c1-4b09-88ae-5173067faf81\" id=\"1b0cb71e-46c1-4b09-88ae-5173067faf81-link\">120<\/a><\/sup><\/sup><\/p>\n\n\n\n<p>Los Estados deben dar la debida importancia a las opiniones de los ni\u00f1os\/ni\u00f1as v\u00edctimas\/supervivientes, al tiempo que \u00abrespetan su intimidad y la confidencialidad de la informaci\u00f3n\u00bb. Los Estados deben evitar su participaci\u00f3n en las intervenciones, su exposici\u00f3n al p\u00fablico, causarles sufrimiento durante los procedimientos y someterlos a nuevos da\u00f1os. <sup><sup data-fn=\"5d874e64-14af-4b66-bec8-ab9fda34f69b\" class=\"fn\"><a href=\"#5d874e64-14af-4b66-bec8-ab9fda34f69b\" id=\"5d874e64-14af-4b66-bec8-ab9fda34f69b-link\">121<\/a><\/sup><\/sup><\/p>\n<\/div><\/div>\n\n\n\n<div class=\"wp-block-group\"><div class=\"wp-block-group__inner-container is-layout-constrained wp-block-group-is-layout-constrained\">\n<h4 class=\"wp-block-heading\" id=\"toc-iii-12\"><span class=\"toc-title\">III.12 Los Estados deben proporcionar acceso a la justicia a las v\u00edctimas\/supervivientes de la <span class=\"glossary-term\" aria-label=\"glossary\" aria-description=\"Violencia Sexual Relacionada con los \n Conflictos\" data-description=\"Violencia Sexual Relacionada con los \n Conflictos\">VSRC<\/span> y a sus familiares <\/span><span data-link=\"https:\/\/www.endcrsv.org\/es\/guidebook\/sidh\/#toc-iii-12\" class=\"link-icon\">\ud83d\udd17<\/span><\/h4>\n\n\n\n<p>La impunidad fomenta la repetici\u00f3n cr\u00f3nica de las violaciones de los derechos humanos<a id=\"post-898-_Ref95385297\"><\/a>.<sup data-fn=\"97de90d3-c733-43ee-aea4-7e867c0623be\" class=\"fn\"><a href=\"#97de90d3-c733-43ee-aea4-7e867c0623be\" id=\"97de90d3-c733-43ee-aea4-7e867c0623be-link\">122<\/a><\/sup> Para luchar contra la impunidad, los Estados deben \u00abgarantizar a las v\u00edctimas o a sus familiares pleno acceso y capacidad jur\u00eddica en todas las etapas de la investigaci\u00f3n y el enjuiciamiento de los responsables\u00bb. <sup data-fn=\"81781508-bcd8-4c71-8ba5-216abc78680e\" class=\"fn\"><a href=\"#81781508-bcd8-4c71-8ba5-216abc78680e\" id=\"81781508-bcd8-4c71-8ba5-216abc78680e-link\">123<\/a><\/sup><\/p>\n\n\n\n<p>Los \u00abfamiliares\u00bb incluyen a \u00abmadres y padres, hijas e hijos, c\u00f3nyuges, compa\u00f1eros y compa\u00f1eras permanentes, as\u00ed como hermanos y hermanas\u00bb.<sup data-fn=\"41b24257-b58e-4783-9dcb-71fb323f652f\" class=\"fn\"><a href=\"#41b24257-b58e-4783-9dcb-71fb323f652f\" id=\"41b24257-b58e-4783-9dcb-71fb323f652f-link\">124<\/a><\/sup> Los familiares de la v\u00edctima\/superviviente tambi\u00e9n pueden ser v\u00edctimas.<sup data-fn=\"3b2c2455-0170-4e1a-a0a3-052ce204c750\" class=\"fn\"><a href=\"#3b2c2455-0170-4e1a-a0a3-052ce204c750\" id=\"3b2c2455-0170-4e1a-a0a3-052ce204c750-link\">125<\/a><\/sup> En los casos de violencia sexual y tortura, existe una presunci\u00f3n legal refutable de violaci\u00f3n de la integridad mental y moral de los familiares m\u00e1s cercano. <sup data-fn=\"e5a7e575-072b-4a27-ba1c-39b82843ec91\" class=\"fn\"><a href=\"#e5a7e575-072b-4a27-ba1c-39b82843ec91\" id=\"e5a7e575-072b-4a27-ba1c-39b82843ec91-link\">126<\/a><\/sup> Esto significa que la Corte presumir\u00e1 que tal violaci\u00f3n ha ocurrido, a menos que el Estado pueda demostrar lo contrario.<sup data-fn=\"c524c3d4-95db-45b0-b4ce-eaaa012666dc\" class=\"fn\"><a href=\"#c524c3d4-95db-45b0-b4ce-eaaa012666dc\" id=\"c524c3d4-95db-45b0-b4ce-eaaa012666dc-link\">127<\/a><\/sup><\/p>\n\n\n\n<p>En virtud de los art\u00edculos 8(1) y 25(1) de la Convenci\u00f3n Americana,<sup><sup data-fn=\"ee7e8fc2-47e6-47b0-ac33-8b35ed07e506\" class=\"fn\"><a href=\"#ee7e8fc2-47e6-47b0-ac33-8b35ed07e506\" id=\"ee7e8fc2-47e6-47b0-ac33-8b35ed07e506-link\">128<\/a><\/sup><\/sup> los Estados deben proporcionar a las v\u00edctimas\/supervivientes accesos a la justicia, eliminar todos los obst\u00e1culos a dicho acceso, tanto de hecho como de derecho,<sup data-fn=\"57344588-c5ec-4608-8099-3a3e01ed88d8\" class=\"fn\"><a href=\"#57344588-c5ec-4608-8099-3a3e01ed88d8\" id=\"57344588-c5ec-4608-8099-3a3e01ed88d8-link\">129<\/a><\/sup> y no obstruir el proceso de investigaci\u00f3n.<sup data-fn=\"75008b14-f99c-4cb1-98b6-4bcc450cb781\" class=\"fn\"><a href=\"#75008b14-f99c-4cb1-98b6-4bcc450cb781\" id=\"75008b14-f99c-4cb1-98b6-4bcc450cb781-link\">130<\/a><\/sup> Los obst\u00e1culos a la justicia incluyen:<sup><sup data-fn=\"58462d31-1282-4671-9dc8-91e6395fe961\" class=\"fn\"><a href=\"#58462d31-1282-4671-9dc8-91e6395fe961\" id=\"58462d31-1282-4671-9dc8-91e6395fe961-link\">131<\/a><\/sup><\/sup><\/p>\n\n\n\n<ol class=\"wp-block-list\">\n<li><\/li>\n<\/ol>\n\n\n\n<ul class=\"wp-block-list\">\n<li>\u201cCoacci\u00f3n, intimidaci\u00f3n o amenazas a testigos, investigadores o jueces\u201d para obstaculizar el proceso, evitar el esclarecimiento de los hechos y ocultar a sus autores; <sup data-fn=\"d6a5a573-04ac-40ab-bb62-3dcd0584069e\" class=\"fn\"><a href=\"#d6a5a573-04ac-40ab-bb62-3dcd0584069e\" id=\"d6a5a573-04ac-40ab-bb62-3dcd0584069e-link\">132<\/a><\/sup><\/li>\n\n\n\n<li>Irregularidades y dilaciones injustificadas debido a la falta de voluntad y compromiso de las autoridades para llevar a cabo los procedimientos penales; <sup><sup data-fn=\"1d91dc4c-9970-4ae2-a847-3fca4a2032d5\" class=\"fn\"><a href=\"#1d91dc4c-9970-4ae2-a847-3fca4a2032d5\" id=\"1d91dc4c-9970-4ae2-a847-3fca4a2032d5-link\">133<\/a><\/sup><\/sup><\/li>\n\n\n\n<li>Falta de acceso de las v\u00edctimas\/supervivientes, sus familiares o sus representantes, a la investigaci\u00f3n y los procedimientos; <sup><sup data-fn=\"e3254327-0b5e-430a-8fcc-88df7d59642d\" class=\"fn\"><a href=\"#e3254327-0b5e-430a-8fcc-88df7d59642d\" id=\"e3254327-0b5e-430a-8fcc-88df7d59642d-link\">134<\/a><\/sup><\/sup><\/li>\n\n\n\n<li>Alteraci\u00f3n, ocultaci\u00f3n, intentos de soborno o robo\/destrucci\u00f3n de pruebas por parte de agentes del Estado; <sup><sup data-fn=\"5b17f798-2f00-4b31-957e-93f8296a2b8f\" class=\"fn\"><a href=\"#5b17f798-2f00-4b31-957e-93f8296a2b8f\" id=\"5b17f798-2f00-4b31-957e-93f8296a2b8f-link\">135<\/a><\/sup><\/sup><\/li>\n\n\n\n<li>Falta de colaboraci\u00f3n de los Estados con las autoridades responsables de la investigaci\u00f3n,<sup><sup data-fn=\"7af2a74b-26b1-42f6-a069-f436d26e0b11\" class=\"fn\"><a href=\"#7af2a74b-26b1-42f6-a069-f436d26e0b11\" id=\"7af2a74b-26b1-42f6-a069-f436d26e0b11-link\">136<\/a><\/sup><\/sup> incluida la negativa proporcionar informaci\u00f3n relacionada con un secreto de Estado; <sup><sup data-fn=\"5eab3cea-5f5c-461d-9faa-02cbd80b0285\" class=\"fn\"><a href=\"#5eab3cea-5f5c-461d-9faa-02cbd80b0285\" id=\"5eab3cea-5f5c-461d-9faa-02cbd80b0285-link\">137<\/a><\/sup><\/sup><\/li>\n\n\n\n<li>El uso de tribunales y cortes militares \u00aben hechos que constituyan violaciones de los derechos humanos\u00bb;<sup><sup data-fn=\"d9dd2460-a2c4-41c5-87f1-4f76794a1bd5\" class=\"fn\"><a href=\"#d9dd2460-a2c4-41c5-87f1-4f76794a1bd5\" id=\"d9dd2460-a2c4-41c5-87f1-4f76794a1bd5-link\">138<\/a><\/sup><\/sup><\/li>\n\n\n\n<li>Aplicaci\u00f3n de leyes para eludir la responsabilidad.<sup><sup data-fn=\"018d23be-bb0b-42fe-a5fe-d80670d6899c\" class=\"fn\"><a href=\"#018d23be-bb0b-42fe-a5fe-d80670d6899c\" id=\"018d23be-bb0b-42fe-a5fe-d80670d6899c-link\">139<\/a><\/sup><\/sup> En los casos relativos a violaciones graves de los derechos humanos, los Estados no pueden aplicar leyes de amnist\u00eda o limitaciones temporales que impidan que se consideren violaciones si no se inician en un periodo de tiempo, \u201co cualquier excluyente similar de responsabilidad, para excusarse de la obligaci\u00f3n de investigar y enjuiciar a los responsables\u201d;<sup><sup data-fn=\"a7ce62a8-7c3a-49c9-b08b-ccdda52259a9\" class=\"fn\"><a href=\"#a7ce62a8-7c3a-49c9-b08b-ccdda52259a9\" id=\"a7ce62a8-7c3a-49c9-b08b-ccdda52259a9-link\">140<\/a><\/sup><\/sup><\/li>\n\n\n\n<li>Defensas de orden superior.<sup data-fn=\"3f4a0ad5-966a-433a-a424-00217da3a3be\" class=\"fn\"><a href=\"#3f4a0ad5-966a-433a-a424-00217da3a3be\" id=\"3f4a0ad5-966a-433a-a424-00217da3a3be-link\">141<\/a><\/sup> Los Estados deben investigar los posibles v\u00ednculos entre los responsables directos y sus superiores en la comisi\u00f3n de torturas, violencia sexual y violaci\u00f3n sexual, \u00abindividualizando a los responsables en todos los niveles de decisi\u00f3n\u00bb.<sup><sup data-fn=\"a9be445e-92fd-411c-8e99-594bf4e3e1a6\" class=\"fn\"><a href=\"#a9be445e-92fd-411c-8e99-594bf4e3e1a6\" id=\"a9be445e-92fd-411c-8e99-594bf4e3e1a6-link\">142<\/a><\/sup><\/sup><\/li>\n<\/ul>\n\n\n\n<p>Los Estados deben cumplir sus obligaciones de buena fe.<sup data-fn=\"3437edca-1edc-4929-87cd-eefc450aeb23\" class=\"fn\"><a href=\"#3437edca-1edc-4929-87cd-eefc450aeb23\" id=\"3437edca-1edc-4929-87cd-eefc450aeb23-link\">143<\/a><\/sup> Un Estado no puede justificar su falta de iniciaci\u00f3n de investigaciones sobre violaciones de derechos humanos mediante:<\/p>\n\n\n\n<ul class=\"wp-block-list\">\n<li>Invocando las disposiciones de su Derecho interno; o<\/li>\n\n\n\n<li>Argumentando que las infracciones no estaban prohibidas en el momento de su comisi\u00f3n. <sup data-fn=\"367b8053-911c-4f1c-b4f8-46f06468ae28\" class=\"fn\"><a href=\"#367b8053-911c-4f1c-b4f8-46f06468ae28\" id=\"367b8053-911c-4f1c-b4f8-46f06468ae28-link\">144<\/a><\/sup><\/li>\n<\/ul>\n\n\n\n<p>Si las autoridades han obstruido o impedido la investigaci\u00f3n de violaciones de derechos humanos, o son responsables de irregularidades procesales que han impedido a las v\u00edctimas\/supervivientes obtener justicia contra los autores, los Estados deben abrir acciones disciplinarias, administrativas o penales contra dichas autoridades.<sup data-fn=\"99520e71-a3ac-467c-88d1-a44d2ab2d962\" class=\"fn\"><a id=\"99520e71-a3ac-467c-88d1-a44d2ab2d962-link\" href=\"#99520e71-a3ac-467c-88d1-a44d2ab2d962\">145<\/a><\/sup><\/p>\n<\/div><\/div>\n\n\n\n<ol class=\"wp-block-list\"><\/ol>\n\n\n\n<h3 class=\"wp-block-heading\" id=\"toc-respuesta\"><span class=\"toc-title\">Respuesta humanitaria<\/span><span data-link=\"https:\/\/www.endcrsv.org\/es\/guidebook\/sidh\/#toc-respuesta\" class=\"link-icon\">\ud83d\udd17<\/span><\/h3>\n\n\n\n<div class=\"wp-block-group\"><div class=\"wp-block-group__inner-container is-layout-constrained wp-block-group-is-layout-constrained\">\n<h4 class=\"wp-block-heading\" id=\"toc-iii-13\"><span class=\"toc-title\">III.13 Los Estados deben rehabilitar a las v\u00edctimas\/supervivientes de la <span class=\"glossary-term\" aria-label=\"glossary\" aria-description=\"Violencia Sexual Relacionada con los \n Conflictos\" data-description=\"Violencia Sexual Relacionada con los \n Conflictos\">VSRC<\/span> <\/span><span data-link=\"https:\/\/www.endcrsv.org\/es\/guidebook\/sidh\/#toc-iii-13\" class=\"link-icon\">\ud83d\udd17<\/span><\/h4>\n\n\n\n<p>A la luz de las \u00abcicatrices f\u00edsicas y psicol\u00f3gicas\u00bb que la violencia sexual causa a las v\u00edctimas\/supervivientes y puede causar a sus familiares, los Estados deben proporcionarles tratamiento m\u00e9dico, psicol\u00f3gico o psiqui\u00e1trico, incluida medicaci\u00f3n, de forma gratuita e inmediata a trav\u00e9s de instituciones de salud especializadas, de manera adecuada, integral y efectiva, con el consentimiento informado de las v\u00edctimas\/supervivientes.<\/p>\n\n\n\n<p>Los Estados deben garantizar que los profesionales encargados del tratamiento \u00abeval\u00faen adecuadamente las condiciones psicol\u00f3gicas y f\u00edsicas de la v\u00edctima\u00bb, y tengan la formaci\u00f3n y experiencia suficientes para tratar tanto los problemas de salud f\u00edsica como los traumas psicol\u00f3gicos causados por la tortura y los <span class=\"glossary-term\" aria-label=\"glossary\" aria-description=\"Otros Tratos o Penas Crueles, Inhumanos \n o Degradantes\" data-description=\"Otros Tratos o Penas Crueles, Inhumanos \n o Degradantes\">malos tratos<\/span>. Si la v\u00edctima\/superviviente est\u00e1 recluida, los Estados deben facilitar a los profesionales el acceso a los lugares de detenci\u00f3n, y permitirles trasladar a la v\u00edctima\/superviviente a instituciones de salud, en caso necesario. Los Estados deben conceder el mismo trato a los familiares, cuando proceda.<sup><sup data-fn=\"2bebe180-5e0b-4cac-904a-45f875dd978d\" class=\"fn\"><a href=\"#2bebe180-5e0b-4cac-904a-45f875dd978d\" id=\"2bebe180-5e0b-4cac-904a-45f875dd978d-link\">146<\/a><\/sup><\/sup><\/p>\n<\/div><\/div>\n\n\n\n<ol class=\"wp-block-list\"><\/ol>\n\n\n\n<h3 class=\"wp-block-heading\" id=\"toc-reparaciones\"><span class=\"toc-title\">Reparaciones<\/span><span data-link=\"https:\/\/www.endcrsv.org\/es\/guidebook\/sidh\/#toc-reparaciones\" class=\"link-icon\">\ud83d\udd17<\/span><\/h3>\n\n\n\n<div class=\"wp-block-group\"><div class=\"wp-block-group__inner-container is-layout-constrained wp-block-group-is-layout-constrained\">\n<h4 class=\"wp-block-heading\" id=\"toc-iii-14\"><span class=\"toc-title\">III.14 Los Estados deben proporcionar reparaci\u00f3n a las v\u00edctimas\/supervivientes de la <span class=\"glossary-term\" aria-label=\"glossary\" aria-description=\"Violencia Sexual Relacionada con los \n Conflictos\" data-description=\"Violencia Sexual Relacionada con los \n Conflictos\">VSRC<\/span><\/span><span data-link=\"https:\/\/www.endcrsv.org\/es\/guidebook\/sidh\/#toc-iii-14\" class=\"link-icon\">\ud83d\udd17<\/span><\/h4>\n\n\n\n<p>En virtud del art\u00edculo 25 de la Convenci\u00f3n Americana, los Estados deben proporcionar a las v\u00edctimas\/supervivientes de violaciones de derechos humanos recursos judiciales efectivos.<sup><sup data-fn=\"8e28831c-53c9-4813-881f-11595e873218\" class=\"fn\"><a href=\"#8e28831c-53c9-4813-881f-11595e873218\" id=\"8e28831c-53c9-4813-881f-11595e873218-link\">147<\/a><\/sup><\/sup><\/p>\n\n\n\n<p>En virtud del art\u00edculo 63.1 de la Convenci\u00f3n Americana, los Estados deben reparar adecuadamente cualquier violaci\u00f3n de una obligaci\u00f3n internacional que haya producido un da\u00f1o.<sup data-fn=\"744719cc-0f3d-4913-ae3b-aa078905b3cd\" class=\"fn\"><a href=\"#744719cc-0f3d-4913-ae3b-aa078905b3cd\" id=\"744719cc-0f3d-4913-ae3b-aa078905b3cd-link\">148<\/a><\/sup><\/p>\n\n\n\n<p>En la provisi\u00f3n de reparaciones, los Estados deben considerar no s\u00f3lo el derecho de las v\u00edctimas\/supervivientes a obtener reparaci\u00f3n, sino tambi\u00e9n adoptar una perspectiva de g\u00e9nero y de ni\u00f1ez en su formulaci\u00f3n e implementaci\u00f3n.<sup><sup data-fn=\"444940be-a788-4d44-8e39-8700f778582a\" class=\"fn\"><a href=\"#444940be-a788-4d44-8e39-8700f778582a\" id=\"444940be-a788-4d44-8e39-8700f778582a-link\">149<\/a><\/sup><\/sup> Por regla general, la reparaci\u00f3n del da\u00f1o causado por la violaci\u00f3n de una obligaci\u00f3n internacional exige, \u00absiempre que ello sea posible, la plena restituci\u00f3n (<em>restitutio in integrum<\/em>)\u00bb, que consiste en el restablecimiento de la situaci\u00f3n que exist\u00eda antes de que se produjera el da\u00f1o. <sup data-fn=\"a38b627c-7cff-4205-a628-e0f76baedf46\" class=\"fn\"><a href=\"#a38b627c-7cff-4205-a628-e0f76baedf46\" id=\"a38b627c-7cff-4205-a628-e0f76baedf46-link\">150<\/a><\/sup><\/p>\n\n\n\n<p>Si esto no es posible, como en la mayor\u00eda de los casos de violaci\u00f3n de los derechos humanos, los Estados deben adoptar otras medidas para garantizar los derechos que han sido violados y reparar las violaciones. Adem\u00e1s de la indemnizaci\u00f3n pecuniaria, incluidos los costes y gastos en que hayan podido incurrir las v\u00edctimas\/supervivientes para obtener justicia,<sup><sup data-fn=\"aa0b9d4e-ee0e-47e6-ae94-a0243ae1f2a0\" class=\"fn\"><a href=\"#aa0b9d4e-ee0e-47e6-ae94-a0243ae1f2a0\" id=\"aa0b9d4e-ee0e-47e6-ae94-a0243ae1f2a0-link\">151<\/a><\/sup><\/sup> \u00ablas medidas de restituci\u00f3n, rehabilitaci\u00f3n y satisfacci\u00f3n, y las garant\u00edas de no repetici\u00f3n tienen especial relevancia por el da\u00f1o causado\u00bb.<sup data-fn=\"0c7a8fa4-e5ba-4d0f-b8eb-19ef4a9b8a72\" class=\"fn\"><a href=\"#0c7a8fa4-e5ba-4d0f-b8eb-19ef4a9b8a72\" id=\"0c7a8fa4-e5ba-4d0f-b8eb-19ef4a9b8a72-link\">152<\/a><\/sup><\/p>\n\n\n\n<p><strong>Indemnizaci\u00f3n.<\/strong> La indemnizaci\u00f3n puede cubrir tanto los da\u00f1os pecuniarios como los no pecuniarios. Los da\u00f1os patrimoniales comprenden la p\u00e9rdida o el detrimento de los ingresos de las v\u00edctimas, los gastos ocasionados por las violaciones de los derechos humanos y otras consecuencias pecuniarios causadas por las violaciones. <sup><sup data-fn=\"40a04f78-b18e-45f5-bbcc-188094242423\" class=\"fn\"><a href=\"#40a04f78-b18e-45f5-bbcc-188094242423\" id=\"40a04f78-b18e-45f5-bbcc-188094242423-link\">153<\/a><\/sup><\/sup><\/p>\n\n\n\n<p>Los da\u00f1os no pecuniarios pueden ser m\u00e1s dif\u00edciles de evaluar: pueden incluir el sufrimiento causado por la violaci\u00f3n, el menoscabo de valores muy significativos para la v\u00edctima\/superviviente, as\u00ed como cualquier cambio no pecuniario en las condiciones de vida de las v\u00edctimas\/supervivientes.<\/p>\n\n\n\n<p>Dado que no es posible determinar un equivalente monetario preciso de los da\u00f1os no pecuniarios, los Estados deben indemnizar a la v\u00edctima\/superviviente mediante el pago de una cantidad de dinero o la entrega de bienes o servicios con un valor monetario. <sup><sup data-fn=\"2d5b058e-e013-434e-bfc6-97ff54f71aa2\" class=\"fn\"><a href=\"#2d5b058e-e013-434e-bfc6-97ff54f71aa2\" id=\"2d5b058e-e013-434e-bfc6-97ff54f71aa2-link\">154<\/a><\/sup><\/sup><\/p>\n\n\n\n<p><strong>Rehabilitaci\u00f3n. <\/strong>Los Estados deben proporcionar a las v\u00edctimas\/supervivientes de violencia sexual una atenci\u00f3n adecuada y rehabilitadora (v\u00e9ase la obligaci\u00f3n III.13 de este subcap\u00edtulo).<\/p>\n\n\n\n<p><strong>Satisfacci\u00f3n. <\/strong>Para garantizar la satisfacci\u00f3n, los Estados pueden tener que reabrir las investigaciones sobre violencia sexual que no se llevaron a cabo adecuadamente,<sup><sup data-fn=\"f06a4d22-f189-4490-9e42-a753123e2d22\" class=\"fn\"><a id=\"f06a4d22-f189-4490-9e42-a753123e2d22-link\" href=\"#f06a4d22-f189-4490-9e42-a753123e2d22\">155<\/a><\/sup><\/sup> u ofrecer disculpas p\u00fablicas. Los Estados responsables de violaciones de derechos humanos deben reconocer p\u00fablicamente su responsabilidad internacional y pedir disculpas por dichas violaciones. Los Estados deben acordar la modalidad y la forma de la disculpa con las v\u00edctimas\/supervivientes y\/o sus representantes.<sup><sup data-fn=\"1b513331-5d46-4e0a-af9e-d91977ecae6f\" class=\"fn\"><a id=\"1b513331-5d46-4e0a-af9e-d91977ecae6f-link\" href=\"#1b513331-5d46-4e0a-af9e-d91977ecae6f\">156<\/a><\/sup><\/sup><\/p>\n\n\n\n<p>Si la Corte ha condenado a un Estado por su responsabilidad en actos de violencia sexual, ese Estado debe publicar el resumen oficial de la sentencia en un peri\u00f3dico influyente en un formato accesible, y hacer que la sentencia est\u00e9 disponible, durante al menos un a\u00f1o, en el sitio web del gobierno.<sup><sup data-fn=\"909ac26a-8f80-4667-bc40-8dac36af6e72\" class=\"fn\"><a href=\"#909ac26a-8f80-4667-bc40-8dac36af6e72\" id=\"909ac26a-8f80-4667-bc40-8dac36af6e72-link\">157<\/a><\/sup><\/sup><\/p>\n\n\n\n<p>Las medidas de satisfacci\u00f3n han sido variadas: para las v\u00edctimas\/supervivientes de violencia sexual y sus familiares que sufrieron \u00abcambios en sus proyectos de vida, con impacto en su desarrollo personal y profesional\u00bb, incluidos los estudios universitarios, la Corte ha ordenado al Estado responsable que conceda becas en un establecimiento p\u00fablico de educaci\u00f3n superior.<sup><sup data-fn=\"461574da-060e-43d9-8a66-ba05c3fb57b4\" class=\"fn\"><a href=\"#461574da-060e-43d9-8a66-ba05c3fb57b4\" id=\"461574da-060e-43d9-8a66-ba05c3fb57b4-link\">158<\/a><\/sup><\/sup><\/p>\n\n\n\n<p><strong>Garant\u00edas de no repetici\u00f3n. <\/strong>Las garant\u00edas de no repetici\u00f3n pueden incluir el establecimiento de programas de educaci\u00f3n y formaci\u00f3n (v\u00e9ase la obligaci\u00f3n III.6 de este subcap\u00edtulo).<sup data-fn=\"96a0eced-f2ef-4b5b-a516-63e40a1e9b05\" class=\"fn\"><a href=\"#96a0eced-f2ef-4b5b-a516-63e40a1e9b05\" id=\"96a0eced-f2ef-4b5b-a516-63e40a1e9b05-link\">157<\/a><\/sup><\/p>\n<\/div><\/div>\n\n\n\n<ol class=\"wp-block-list\"><\/ol>\n\n\n","protected":false},"excerpt":{"rendered":"<p>I. Introducci\u00f3n\ud83d\udd17 Creado por la Organizaci\u00f3n de Estados Americanos (OEA, organizaci\u00f3n internacional creada en 1948 para lograr \u00abun orden de paz y de justicia\u00bb entre sus Estados miembros), el sistema interamericano de derechos humanos naci\u00f3 con la adopci\u00f3n de la Declaraci\u00f3n Americana de los Derechos y Deberes del Hombre en Bogot\u00e1 en 1948. All\u00ed, la [&hellip;]<\/p>\n","protected":false},"author":1,"featured_media":0,"parent":767,"comment_status":"closed","ping_status":"closed","sticky":false,"template":"","format":"standard","meta":{"_acf_changed":false,"_relevanssi_hide_post":"","_relevanssi_hide_content":"","_relevanssi_pin_for_all":"","_relevanssi_pin_keywords":"","_relevanssi_unpin_keywords":"","_relevanssi_related_keywords":"","_relevanssi_related_include_ids":"","_relevanssi_related_exclude_ids":"","_relevanssi_related_no_append":"","_relevanssi_related_not_related":"","_relevanssi_related_posts":"690,637,759,679,685,767","_relevanssi_noindex_reason":"","footnotes":"[{\"id\":\"dbca84a8-cc59-4c1b-8cbf-23f1fd0c3b52\",\"content\":\"OEA, \\\"Qui\u00e9nes somos\\\" (OEA) &lt; https:\/\/www.oas.org\/es\/acerca\/quienes_somos.asp &gt; consultado el 5 de marzo de 2023. \"},{\"id\":\"e56c8069-2598-452c-b2a3-44352d207d21\",\"content\":\"OEA, \\\"\u00bfQu\u00e9 es la CIDH?\\\" (OEA) &lt; https:\/\/www.oas.org\/es\/cidh\/jsForm\/?File=\/es\/cidh\/mandato\/que.asp &gt; consultado el 5 de marzo de 2023. \"},{\"content\":\"Establecido en virtud de la Convenci\u00f3n Americana, art. 33. \",\"id\":\"e61a687b-5002-4509-b73f-b0d5b7756e85\"},{\"id\":\"a83e3c08-a9fc-4f24-99df-282af7546cb6\",\"content\":\"Convenci\u00f3n Americana, art. 41. \"},{\"content\":\"Establecido en virtud de la Convenci\u00f3n Americana, art. 33. \",\"id\":\"142d6a9f-6d56-4278-88d1-35652e8775f5\"},{\"id\":\"0e7d3f20-2af5-41f6-9a02-8c73b8e95dd7\",\"content\":\"<a href=\\\"https:\/\/www.corteidh.or.cr\/docs\/casos\/articulos\/seriec_215_esp.pdf\\\">Fern\u00e1ndez Ortega vs M\u00e9xico<\/a> (Sentencia) (Corte Interamericana de Derechos Humanos Serie C No 215) (30 de agosto de 2010) p\u00e1rr. 119. \"},{\"id\":\"3e7b0a09-2de0-4370-b6bc-085241d6b9e1\",\"content\":\"Convenci\u00f3n Americana, arts. 5(1)-(2); CIPST. \"},{\"id\":\"27f09efa-2e40-4a9c-9db7-10b117674577\",\"content\":\"<a href=\\\"https:\/\/www.cidh.org\/PRIVADAS\/RD10.832.htm\\\">Luis Lizardo Cabrera (Rep\u00fablica Dominicana)<\/a> (Informe No. 35\/96) CIDH Caso 10.832 (1997) p\u00e1rr. 77. \"},{\"id\":\"e501764d-3c76-452b-aca3-eedf072817db\",\"content\":\"<a href=\\\"https:\/\/www.cidh.org\/PRIVADAS\/RD10.832.htm\\\">Luis Lizardo Cabrera (Rep\u00fablica Dominicana)<\/a> (Informe n\u00ba 35\/96) CIDH Caso 10.832 (1997) p\u00e1rr. 78. \"},{\"id\":\"8f0b8bab-dab8-4c44-92df-36f9e8aa98a5\",\"content\":\"<a href=\\\"https:\/\/www.corteidh.or.cr\/docs\/casos\/articulos\/seriec_215_esp.pdf\\\">Fern\u00e1ndez Ortega vs. M\u00e9xico<\/a> (Sentencia) (Corte Interamericana de Derechos Humanos Serie C No 215) (30 de agosto de 2010) p\u00e1rr. 122. \"},{\"id\":\"c465a003-89a7-4546-a238-438475561eac\",\"content\":\"<a href=\\\"https:\/\/www.corteidh.or.cr\/docs\/casos\/articulos\/seriec_33_esp.pdf\\\">Loayza Tamayo vs. Per\u00fa<\/a> (Sentencia) (Corte Interamericana de Derechos Humanos Serie C No 33) (17 de septiembre de 1997) p\u00e1rr. 57. \"},{\"id\":\"350a8d12-dba0-440f-b730-4191a07f5031\",\"content\":\"<a href=\\\"https:\/\/www.cidh.org\/PRIVADAS\/RD10.832.htm\\\">Luis Lizardo Cabrera (Rep\u00fablica Dominicana)<\/a> (Informe n\u00ba 35\/96) CIDH Caso 10.832 (1997) p\u00e1rrafos 79 y 83. \"},{\"id\":\"debcd487-c260-4ca5-89c0-303f2af760c1\",\"content\":\"<a href=\\\"https:\/\/www.cidh.org\/PRIVADAS\/RD10.832.htm\\\">Luis Lizardo Cabrera (Rep\u00fablica <\/a><a href=\\\"http:\/\/www.cidh.oas.org\/annualrep\/97eng\/Dom.Rep.10832.htm\\\">Dominicana)<\/a> (Informe n\u00ba 35\/96) CIDH Caso 10.832 (1997) p\u00e1rr. 87; <a href=\\\"https:\/\/www.cidh.org\/women\/cap.III.peru10.970.htm\\\">Raquel Mart\u00edn de Mej\u00eda (Per\u00fa)<\/a> (Informe n\u00ba 5\/96) CIDH Caso 10.970 (1995). \"},{\"id\":\"3f8c89df-fb20-4b76-8506-bcddac19f754\",\"content\":\"<a href=\\\"https:\/\/www.corteidh.or.cr\/docs\/casos\/articulos\/seriec_215_esp.pdf\\\">Fern\u00e1ndez Ortega vs. M\u00e9xico<\/a> (Sentencia) (Corte Interamericana de Derechos Humanos Serie C No 215) (30 de agosto de 2010) p\u00e1rrafos 120 y 127. \"},{\"id\":\"749d25a5-c926-4080-ae17-9477f8c3ee6d\",\"content\":\"<a href=\\\"https:\/\/www.corteidh.or.cr\/docs\/casos\/articulos\/seriec_215_esp.pdf\\\">Fern\u00e1ndez Ortega vs. M\u00e9xico<\/a> (Sentencia) (Corte Interamericana de Derechos Humanos Serie C No 215) (30 de agosto de 2010) p\u00e1rr. 121. \"},{\"id\":\"fa95c1ba-bcc1-4a6c-b0d2-09548d33061c\",\"content\":\"<a href=\\\"https:\/\/www.corteidh.or.cr\/docs\/casos\/articulos\/seriec_215_esp.pdf\\\">Fern\u00e1ndez Ortega vs. M\u00e9xico<\/a> (Sentencia) (Corte Interamericana de Derechos Humanos Serie C No 215) (30 de agosto de 2010) p\u00e1rr. 124. \"},{\"id\":\"ba5aaa68-b2da-4816-9657-fca688e6d0b6\",\"content\":\"<a href=\\\"https:\/\/www.corteidh.or.cr\/docs\/casos\/articulos\/seriec_215_esp.pdf\\\">Fern\u00e1ndez Ortega vs. M\u00e9xico<\/a> (Sentencia) (Corte Interamericana de Derechos Humanos Serie C No 215) (30 de agosto de 2010) p\u00e1rr. 124. \"},{\"id\":\"c25c7012-d74c-460f-8f06-0d315b8d721b\",\"content\":\"<a href=\\\"https:\/\/www.corteidh.or.cr\/docs\/casos\/articulos\/seriec_215_esp.pdf\\\">Fern\u00e1ndez Ortega vs. M\u00e9xico<\/a> (Sentencia) (Corte Interamericana de Derechos Humanos Serie C No 215) (30 de agosto de 2010) p\u00e1rr. 127. \"},{\"id\":\"68a49cf7-89ba-4cf8-aeb0-cff357f55e5a\",\"content\":\"<a href=\\\"https:\/\/www.corteidh.or.cr\/docs\/casos\/articulos\/seriec_215_esp.pdf\\\">Fern\u00e1ndez Ortega vs. M\u00e9xico<\/a> (Sentencia) (Corte Interamericana de Derechos Humanos Serie C No 215) (30 de agosto de 2010) p\u00e1rr. 127. \"},{\"id\":\"da377279-04d3-4c3c-ab34-9b5f8b5b009e\",\"content\":\"<a href=\\\"https:\/\/www.corteidh.or.cr\/docs\/casos\/articulos\/seriec_215_esp.pdf\\\">Fern\u00e1ndez Ortega vs. M\u00e9xico<\/a> (Sentencia) (Corte Interamericana de Derechos Humanos Serie C No 215) (30 de agosto de 2010) p\u00e1rr. 128. \"},{\"id\":\"23e31023-21d4-4a00-a6fc-605a6b5ee495\",\"content\":\"<a href=\\\"https:\/\/www.corteidh.or.cr\/docs\/casos\/articulos\/seriec_371_esp.pdf\\\">Mujeres V\u00edctimas de Tortura Sexual en Atenco vs. M\u00e9xico<\/a> (Sentencia) (Corte Interamericana de Derechos Humanos Serie C No 371) (28 de noviembre de 2018) p\u00e1rr. 196. \"},{\"id\":\"4314d69e-2936-4e73-8471-f741a465cd68\",\"content\":\"<a href=\\\"https:\/\/www.corteidh.or.cr\/docs\/casos\/articulos\/seriec_402_esp.pdf\\\">Azul Rojas Mar\u00edn vs. Per\u00fa<\/a> (Sentencia) (Corte Interamericana de Derechos Humanos Serie C No 402) (12 de marzo de 2020) p\u00e1rr. 52. \"},{\"id\":\"11179d41-f37a-4393-89d4-7cbbf593db50\",\"content\":\"<a href=\\\"https:\/\/www.corteidh.or.cr\/docs\/casos\/articulos\/seriec_215_esp.pdf\\\">Fern\u00e1ndez Ortega vs. M\u00e9xico<\/a> (Sentencia) (Corte Interamericana de Derechos Humanos Serie C No 215) (30 de agosto de 2010) p\u00e1rr. 119; <a href=\\\"https:\/\/www.corteidh.or.cr\/docs\/casos\/articulos\/seriec_216_esp.pdf\\\">Rosendo Cant\u00fa vs. M\u00e9xico<\/a> (Sentencia) (Corte Interamericana de Derechos Humanos Serie C No 216) (31 de agosto de 2010) p\u00e1rr. 108. \"},{\"id\":\"9698baa3-7b43-40c8-b57e-7ad4a1f631eb\",\"content\":\"<a href=\\\"https:\/\/www.corteidh.or.cr\/docs\/casos\/articulos\/seriec_215_esp.pdf\\\">Fern\u00e1ndez Ortega vs. M\u00e9xico<\/a> (Sentencia) (Corte Interamericana de Derechos Humanos Serie C No 215) (30 de agosto de 2010) p\u00e1rr. 118. \"},{\"id\":\"b5015e42-b339-47d0-b17b-18d431381023\",\"content\":\"<a href=\\\"https:\/\/www.corteidh.or.cr\/docs\/casos\/articulos\/seriec_118_esp.pdf\\\">Hermanas Serrano Cruz vs. El Salvador<\/a> (Sentencia) (Corte Interamericana de Derechos Humanos Serie C No 118) (23 de noviembre de 2004) p\u00e1rr. 112. \"},{\"id\":\"56573788-08fc-44bb-9661-8a528bbbb709\",\"content\":\"<a href=\\\"https:\/\/www.corteidh.or.cr\/docs\/casos\/articulos\/seriec_118_esp.pdf\\\">Hermanas Serrano Cruz vs. El Salvador<\/a> (Sentencia) (Corte Interamericana de Derechos Humanos Serie C No 118) (23 de noviembre de 2004) p\u00e1rr. 112. \"},{\"id\":\"8f5f615e-7b5d-4318-8643-d6fb00bf536e\",\"content\":\"<a href=\\\"https:\/\/www.corteidh.or.cr\/docs\/casos\/articulos\/seriec_118_esp.pdf\\\">Hermanas Serrano Cruz vs. El Salvador<\/a> (Sentencia) (Corte Interamericana de Derechos Humanos Serie C No 118) (23 de noviembre de 2004) p\u00e1rr. 113. \"},{\"id\":\"fb70c00c-05f7-4506-9ab7-d7030bd8c0d9\",\"content\":\" V\u00e9ase tambi\u00e9n la Convenci\u00f3n de Bel\u00e9m do Par\u00e1, art. 9. \"},{\"id\":\"558156d4-a904-4323-82d5-5983ea630d5d\",\"content\":\"<a href=\\\"https:\/\/www.corteidh.or.cr\/docs\/casos\/articulos\/seriec_275_esp.pdf\\\">J. vs. Per\u00fa<\/a> (Sentencia) (Corte Interamericana de Derechos Humanos Serie C No 275) (27 de noviembre de 2013) p\u00e1rr. 304; <a href=\\\"https:\/\/www.corteidh.or.cr\/docs\/casos\/articulos\/seriec_371_esp.pdf\\\"> Mujeres V\u00edctimas de Tortura Sexual en Atenco vs. M\u00e9xico<\/a> (Sentencia) (Corte Interamericana de Derechos Humanos Serie C No 371) (28 de noviembre de 2018) p\u00e1rr. 178. \"},{\"id\":\"8da000e8-c79d-4cfe-bd2f-c5f3a28c8171\",\"content\":\"<a href=\\\"https:\/\/www.cidh.org\/women\/cap.III.peru10.970.htm\\\">Raquel Mart\u00ed de Mej\u00eda contra Per\u00fa<\/a> (Informe n\u00ba 5\/96) CIDH Caso 10.970 (1 de marzo de 1996). \"},{\"id\":\"ed5dbed5-407b-4113-a672-a9810a604ae4\",\"content\":\"<a href=\\\"https:\/\/www.corteidh.or.cr\/docs\/casos\/articulos\/seriec_371_esp.pdf\\\">Mujeres V\u00edctimas de Tortura Sexual en Atenco vs. M\u00e9xico<\/a> (Sentencia) (Corte Interamericana de Derechos Humanos Serie C No 371) (28 de noviembre de 2018) p\u00e1rr. 200. \"},{\"id\":\"485f1d2d-281c-4358-9fb1-8edec263658c\",\"content\":\"<a href=\\\"https:\/\/www.corteidh.or.cr\/docs\/casos\/articulos\/seriec_371_esp.pdf\\\">Mujeres V\u00edctimas de Tortura Sexual en Atenco vs. M\u00e9xico<\/a> (Sentencia) (Corte Interamericana de Derechos Humanos Serie C No 371) (28 de noviembre de 2018) p\u00e1rr. 200. \"},{\"id\":\"cd2c21e8-65cf-448c-917b-0f6378f65927\",\"content\":\"<a href=\\\"https:\/\/www.corteidh.or.cr\/docs\/casos\/articulos\/seriec_211_esp.pdf\\\">Masacre de Las Dos Erres vs. Guatemala<\/a> (Sentencia) (Corte Interamericana de Derechos Humanos Serie C No 211) (24 de noviembre de 2009) p\u00e1rr. 139; <a href=\\\"https:\/\/www.corteidh.or.cr\/docs\/casos\/articulos\/seriec_116_esp.pdf\\\">Masacre de Plan de S\u00e1nchez vs. Guatemala<\/a> (Sentencia) (Corte Interamericana de Derechos Humanos Serie C No 116) (19 de noviembre de 2004) p\u00e1rr. 49(19). \"},{\"id\":\"4f921007-3682-4b28-b168-81c85e98be54\",\"content\":\"Convenci\u00f3n de Bel\u00e9m do Par\u00e1, art 4. \"},{\"id\":\"b8ae9628-bfa5-4996-83f0-9139e69ec18e\",\"content\":\"<a href=\\\"https:\/\/www.corteidh.or.cr\/docs\/casos\/articulos\/seriec_431_esp.pdf\\\">Bedoya Lima vs. Colombia<\/a> (Sentencia) (Corte Interamericana de Derechos Humanos Serie C No 431) (26 de agosto de 2021) p\u00e1rr. 88. \"},{\"id\":\"e8acab1d-e4b2-4362-a23b-7dd11125d75c\",\"content\":\"<a href=\\\"https:\/\/www.corteidh.or.cr\/docs\/casos\/articulos\/seriec_475_esp.pdf\\\">Angulo Losada vs. Bolivia<\/a> (Sentencia) (Corte Interamericana de Derechos Humanos Serie C No 475) (18 de noviembre de 2022) p\u00e1rrafos 145 y 149. \"},{\"id\":\"8df31740-e5cb-431f-bd3e-92ddaf7f19c9\",\"content\":\"<a href=\\\"https:\/\/www.corteidh.or.cr\/docs\/casos\/articulos\/seriec_475_esp.pdf\\\">Angulo Losada vs. Bolivia<\/a> (Sentencia) (Corte Interamericana de Derechos Humanos Serie C No 475) (18 de noviembre de 2022) p\u00e1rr. 147. \"},{\"id\":\"dac7cbe4-eae5-4847-a137-57223caa34d0\",\"content\":\"<a href=\\\"https:\/\/www.corteidh.or.cr\/docs\/casos\/articulos\/seriec_475_esp.pdf\\\">Angulo Losada vs. Bolivia<\/a> (Sentencia) (Corte Interamericana de Derechos Humanos Serie C No 475) (18 de noviembre de 2022) p\u00e1rr. 148. \"},{\"id\":\"b510326d-f34c-45a1-acb0-08b1e9c83f86\",\"content\":\"<a href=\\\"https:\/\/www.corteidh.or.cr\/docs\/casos\/articulos\/seriec_250_esp.pdf\\\">Masacres de R\u00edo Negro vs. Guatemala<\/a> (Sentencia) (Corte Interamericana de Derechos Humanos Serie C No 250) (4 de septiembre de 2012) p\u00e1rr. 261. \"},{\"id\":\"11032ef4-edea-4210-9cd1-073ea150b011\",\"content\":\"<a href=\\\"https:\/\/www.corteidh.or.cr\/docs\/casos\/articulos\/seriec_250_esp.pdf\\\">Masacres de R\u00edo Negro vs. Guatemala<\/a> (Sentencia) (Corte Interamericana de Derechos Humanos Serie C No 250) (4 de septiembre de 2012) p\u00e1rr. 262. \"},{\"id\":\"f4b16973-d423-42b0-9ecc-b8ae6950dad0\",\"content\":\"<a href=\\\"https:\/\/www.corteidh.or.cr\/docs\/casos\/articulos\/seriec_371_esp.pdf\\\">Mujeres V\u00edctimas de Tortura Sexual en Atenco vs. M\u00e9xico<\/a> vs M\u00e9xico (Sentencia) (Corte Interamericana de Derechos Humanos Serie C No 371) (28 de noviembre de 2018) p\u00e1rr. 180; <a href=\\\"https:\/\/www.corteidh.or.cr\/docs\/casos\/articulos\/seriec_211_esp.pdf\\\"> Masacre de Las Dos Erres vs. Guatemala<\/a> (Sentencia) (Corte Interamericana de Derechos Humanos Serie C No 211) (24 de noviembre de 2009) p\u00e1rr. 137; <a href=\\\"https:\/\/www.corteidh.or.cr\/docs\/casos\/articulos\/seriec_289_esp.pdf\\\">Espinoza Gonz\u00e1les vs. Per\u00fa<\/a> (Sentencia) (Corte Interamericana de Derechos Humanos Serie C No 289) (20 de noviembre de 2014) p\u00e1rr. 241; <a href=\\\"https:\/\/www.corteidh.or.cr\/docs\/casos\/articulos\/seriec_253_esp.pdf\\\">Gudiel \u00c1lvarez (\\\"Diario Militar\\\") vs. Guatemala<\/a> (Sentencia) (Corte Interamericana de Derechos Humanos Serie C No 253) (20 de noviembre de 2012) p\u00e1rr. 278; <a href=\\\"https:\/\/www.corteidh.or.cr\/docs\/casos\/articulos\/seriec_250_esp.pdf\\\">Masacres de R\u00edo Negro vs. Guatemala<\/a> (Sentencia) (Corte Interamericana de Derechos Humanos Serie C No 250) (4 de septiembre de 2012) p\u00e1rr. 257. \"},{\"id\":\"78140b15-885b-4326-84b3-dcf7b9d19cb8\",\"content\":\"<a href=\\\"https:\/\/www.corteidh.or.cr\/docs\/casos\/articulos\/seriec_289_esp.pdf\\\">Espinoza Gonz\u00e1les vs. Per\u00fa<\/a> (Sentencia) (Corte Interamericana de Derechos Humanos Serie C No 289) (20 de noviembre de 2014) p\u00e1rr. 213. \"},{\"id\":\"2a32e0e6-d367-4f0c-9084-c897952ce64b\",\"content\":\"<a href=\\\"https:\/\/www.corteidh.or.cr\/docs\/casos\/articulos\/seriec_371_esp.pdf\\\">Mujeres V\u00edctimas de Tortura Sexual en Atenco vs. M\u00e9xico<\/a> (Sentencia) (Corte Interamericana de Derechos Humanos Serie C No 371) (28 de noviembre de 2018) p\u00e1rr. 221. \"},{\"id\":\"7fc10a34-48d7-481d-8073-e3564f87a9b3\",\"content\":\"<a href=\\\"https:\/\/www.corteidh.or.cr\/docs\/casos\/articulos\/seriec_431_esp.pdf\\\">Bedoya Lima vs. Colombia<\/a> (Sentencia) (Corte Interamericana de Derechos Humanos Serie C No 431) (26 de agosto de 2021) p\u00e1rr. 88. \"},{\"id\":\"32bf666a-0a7e-406b-9f39-5530d68a6253\",\"content\":\"Convenci\u00f3n de Bel\u00e9m do Par\u00e1, arts. 7 y 1. \"},{\"id\":\"5a2b50c9-d388-4e8c-905f-d6b2d0756c4c\",\"content\":\"CIPST, art 3. \"},{\"id\":\"43b39f99-597a-4ab4-ac3d-5f7f27cd474e\",\"content\":\"<a href=\\\"https:\/\/www.corteidh.or.cr\/docs\/casos\/articulos\/seriec_289_esp.pdf\\\">Espinoza Gonz\u00e1les vs. Per\u00fa<\/a> (Sentencia) (Corte Interamericana de Derechos Humanos Serie C No 289) (20 de noviembre de 2014) p\u00e1rr. 67. \"},{\"id\":\"3d4c7006-d6f1-4737-814f-8e18d139ca58\",\"content\":\"<a href=\\\"https:\/\/www.corteidh.or.cr\/docs\/casos\/articulos\/seriec_422_esp.pdf\\\">Vicky Hernandez vs. Honduras<\/a> (Sentencia) (Corte Interamericana de Derechos Humanos Serie C No 422) (26 de marzo de 2021) p\u00e1rr. 176. \"},{\"id\":\"60c5fca5-a160-4c83-ab1e-2b5c70918a9a\",\"content\":\"<a href=\\\"https:\/\/www.corteidh.or.cr\/docs\/casos\/articulos\/seriec_215_esp.pdf\\\">Fern\u00e1ndez Ortega vs. M\u00e9xico<\/a> (Sentencia) (Corte Interamericana de Derechos Humanos Serie C No 215) (30 de agosto de 2010) p\u00e1rr. 133. \"},{\"id\":\"9e9bbe09-a759-4921-873c-c1fbf3701f6c\",\"content\":\"<a href=\\\"https:\/\/www.corteidh.or.cr\/docs\/casos\/articulos\/seriec_407_esp.pdf\\\">Trabajadores de la F\u00e1brica de Fuegos Artificiales de Santo Ant\u00f4nio de Jesus y sus Familiares vs. Brasil<\/a> (Sentencia) (Corte Interamericana de Derechos Humanos Serie C No 407) (15 de julio de 2020) p\u00e1rr. 198. \"},{\"id\":\"e2f76566-521d-45db-b368-15c356cd911c\",\"content\":\"<a href=\\\"https:\/\/www.corteidh.or.cr\/docs\/casos\/articulos\/seriec_257_esp.pdf\\\">Artavia Murillo y otros (\\\"Fecundaci\u00f3n in vitro\\\") vs. Costa Rica<\/a> (Sentencia) (Corte Interamericana de Derechos Humanos Serie C n\u00ba 257) (28 de noviembre de 2012), p\u00e1rr. 292. \"},{\"id\":\"996c9c23-6bdb-4508-975b-19b9bfa01ff1\",\"content\":\"<a href=\\\"https:\/\/www.corteidh.or.cr\/docs\/casos\/articulos\/seriec_475_esp.pdf\\\">Angulo Losada vs. Bolivia<\/a> (Sentencia) (Corte Interamericana de Derechos Humanos Serie C No 475) (18 de noviembre de 2022) p\u00e1rr. 95; Corte Interamericana de Derechos Humanos, \u201c<a href=\\\"https:\/\/www.corteidh.or.cr\/docs\/comunicados\/cp_04_2023_eng.pdf\\\">Bolivia is responsible for gender and child discrimination and revictimization of an adolescent victim of sexual violence during the judicial process <\/a>\u201c (Comunicado de prensa) (19 de enero de 2023) p 2. \"},{\"id\":\"f7203113-49c2-46cc-bb5e-46d0d40b3d94\",\"content\":\"<a href=\\\"https:\/\/www.refworld.org\/es\/jur\/caselaw\/iacrthr\/2014\/es\/101499\\\">Derechos y Garant\u00edas de los Ni\u00f1os en Contexto de Migraci\u00f3n y\/o en Necesidad de Protecci\u00f3n Internacional<\/a> (Opini\u00f3n Consultiva) (Corte Interamericana de Derechos Humanos Serie OC-21\/14) (19 de agosto de 2014) p\u00e1rr. 218. \"},{\"id\":\"353fb7ba-d711-40fe-a007-c7ba2b015f34\",\"content\":\"<a href=\\\"https:\/\/www.refworld.org\/es\/jur\/caselaw\/iacrthr\/2014\/es\/101499\\\">Derechos y Garant\u00edas de los Ni\u00f1os en el Contexto de la Migraci\u00f3n y\/o en Necesidad de Protecci\u00f3n<\/a> Internacional (Opini\u00f3n Consultiva) (Corte Interamericana de Derechos Humanos Serie OC-21\/14) (19 de agosto de 2014) p\u00e1rr. 225; V\u00e9ase tambi\u00e9n la Convenci\u00f3n Americana, art. 22(8). \"},{\"id\":\"8ce426ed-3555-4b50-8b54-f48a2c9694bf\",\"content\":\"<a href=\\\"https:\/\/www.refworld.org\/es\/jur\/caselaw\/iacrthr\/2014\/es\/101499\\\">Derechos y Garant\u00edas de los Ni\u00f1os en Contexto de Migraci\u00f3n y\/o en Necesidad de Protecci\u00f3n Internacional<\/a> (Opini\u00f3n Consultiva) (Corte Interamericana de Derechos Humanos Serie OC-21\/14) (19 de agosto de 2014) p\u00e1rr. 212. \"},{\"id\":\"80dcc90e-8815-4419-91a3-b4bf17555e84\",\"content\":\"<a href=\\\"https:\/\/www.refworld.org\/es\/jur\/caselaw\/iacrthr\/2014\/es\/101499\\\">Derechos y Garant\u00edas de los Ni\u00f1os en Contexto de Migraci\u00f3n y\/o en Necesidad de Protecci\u00f3n Internacional<\/a> (Opini\u00f3n Consultiva) (Corte Interamericana de Derechos Humanos Serie OC-21\/14) (19 de agosto de 2014) p\u00e1rr. 212. \"},{\"id\":\"54944709-aaa5-4f9c-9571-a18cc086349f\",\"content\":\"<a href=\\\"https:\/\/www.corteidh.or.cr\/docs\/casos\/articulos\/seriec_160_esp.pdf\\\">Penal Miguel Castro-Castro vs. Per\u00fa<\/a> (Sentencia) (Corte Interamericana de Derechos Humanos Serie C No 160) (25 de noviembre de 2006) p\u00e1rr. 315. \"},{\"id\":\"6b8ae349-52e5-4763-acf0-ae4b2231d8f4\",\"content\":\"<a href=\\\"https:\/\/www.corteidh.or.cr\/docs\/casos\/articulos\/seriec_160_esp.pdf\\\">Penal Miguel Castro-Castro vs. Per\u00fa <\/a> (Sentencia) (Corte Interamericana de Derechos Humanos Serie C No 160) (25 de noviembre de 2006) p\u00e1rr. 315. \"},{\"id\":\"7617947b-23cb-4f57-bfc1-051d662b48ae\",\"content\":\"<a href=\\\"https:\/\/www.corteidh.or.cr\/docs\/casos\/articulos\/seriec_275_esp.pdf\\\">J. vs. Per\u00fa <\/a> (Sentencia) (Corte Interamericana de Derechos Humanos Serie C No 275) (27 de noviembre de 2013) p\u00e1rr. 343. \"},{\"id\":\"e6b261ff-27d6-4847-a85d-65452082a65f\",\"content\":\"<a href=\\\"https:\/\/www.corteidh.or.cr\/docs\/casos\/articulos\/seriec_160_esp.pdf\\\">Penal Miguel Castro-Castro vs. Per\u00fa<\/a> (Sentencia) (Corte Interamericana de Derechos Humanos Serie C No 160) (25 de noviembre de 2006) p\u00e1rr. 307. \"},{\"id\":\"1327c67e-6a42-4fcb-aaf4-4fdad49bd4ca\",\"content\":\"Convenci\u00f3n Americana, art. 5(2); <a href=\\\"https:\/\/www.corteidh.or.cr\/docs\/casos\/articulos\/seriec_160_esp.pdf\\\">Penal Miguel Castro-Castro vs. Per\u00fa<\/a> (Sentencia) (Corte Interamericana de Derechos Humanos Serie C No 160) (25 de noviembre de 2006) p\u00e1rr. 308. \"},{\"id\":\"d1b6e254-889f-42e8-a1d2-8c0031e135d5\",\"content\":\"<a href=\\\"https:\/\/www.corteidh.or.cr\/docs\/casos\/articulos\/seriec_160_esp.pdf\\\">Penal Miguel Castro-Castro vs. Per\u00fa<\/a> (Sentencia) (Corte Interamericana de Derechos Humanos Serie C No 160) (25 de noviembre de 2006) p\u00e1rr. 311. \"},{\"id\":\"34806b4f-d53e-45db-9bdd-b435ccb289c1\",\"content\":\"<a href=\\\"https:\/\/www.corteidh.or.cr\/docs\/casos\/articulos\/seriec_405_esp.pdf\\\">Guzm\u00e1n Albarrac\u00edn vs. Ecuador<\/a> (Sentencia) (Corte Interamericana de Derechos Humanos Serie C No 405) (24 de junio de 2020) p\u00e1rr. 243; <a href=\\\"https:\/\/www.corteidh.or.cr\/docs\/casos\/articulos\/seriec_475_esp.pdf\\\">Angulo Losada vs. Bolivia<\/a> (Sentencia) (Corte Interamericana de Derechos Humanos Serie C No 475) (18 de noviembre de 2022) p\u00e1rr. 213. \"},{\"id\":\"27328634-db71-4092-923b-9586e3e6e528\",\"content\":\"<a href=\\\"https:\/\/www.corteidh.or.cr\/docs\/casos\/articulos\/seriec_475_esp.pdf\\\">Angulo Losada vs. Bolivia<\/a> (Sentencia) (Corte Interamericana de Derechos Humanos Serie C No 475) (18 de noviembre de 2022) p\u00e1rr. 216. \"},{\"id\":\"278ea397-7796-4f5f-9e2a-a3c2f2b41731\",\"content\":\"<a href=\\\"https:\/\/www.corteidh.or.cr\/docs\/casos\/articulos\/seriec_289_esp.pdf\\\">Espinoza Gonz\u00e1les vs. <\/a><a href=\\\"https:\/\/www.corteidh.or.cr\/docs\/casos\/articulos\/seriec_289_ing.pdf\\\">Per\u00fa<\/a> (Sentencia) (Corte Interamericana de Derechos Humanos Serie C No 289) (20 de noviembre de 2014) p\u00e1rr. 327. \"},{\"id\":\"62969909-04fe-44c7-b97b-521c8bb9d8d5\",\"content\":\"<a href=\\\"https:\/\/www.corteidh.or.cr\/docs\/casos\/articulos\/seriec_475_esp.pdf\\\">Angulo Losada vs. Bolivia<\/a> (Sentencia) (Corte Interamericana de Derechos Humanos Serie C No 475) (18 de noviembre de 2022) p\u00e1rr. 210. \"},{\"id\":\"19d6b41b-348d-4dd6-8cc1-0fe2820bf680\",\"content\":\"<a href=\\\"https:\/\/www.corteidh.or.cr\/docs\/casos\/articulos\/seriec_250_esp.pdf\\\">Masacres de R\u00edo Negro vs. Guatemala<\/a> (Sentencia) (Corte Interamericana de Derechos Humanos Serie C No 250) (4 de septiembre de 2012) p\u00e1rr. 291. \"},{\"id\":\"4cf62ddd-344c-4a73-b308-784273d3b729\",\"content\":\"<a href=\\\"https:\/\/www.corteidh.or.cr\/docs\/casos\/articulos\/seriec_371_esp.pdf\\\">Mujeres V\u00edctimas de Tortura Sexual en Atenco vs. M\u00e9xico<\/a> (Sentencia) (Corte Interamericana de Derechos Humanos Serie C No 371) (28 de noviembre de 2018) p\u00e1rr. 356. \"},{\"id\":\"eaa1be8e-db57-4bdd-abbc-b2dbf016fc39\",\"content\":\"<a href=\\\"https:\/\/www.corteidh.or.cr\/docs\/casos\/articulos\/seriec_371_esp.pdf\\\">Mujeres V\u00edctimas de Tortura Sexual en Atenco vs. M\u00e9xico<\/a> (Sentencia) (Corte Interamericana de Derechos Humanos Serie C No 371) (28 de noviembre de 2018) p\u00e1rr. 355. \"},{\"id\":\"b19d8633-f0ff-4e41-9a19-4d1a54d09bba\",\"content\":\"<a href=\\\"https:\/\/www.corteidh.or.cr\/docs\/casos\/articulos\/seriec_289_esp.pdf\\\">Espinoza Gonz\u00e1les vs. <\/a><a href=\\\"https:\/\/www.corteidh.or.cr\/docs\/casos\/articulos\/seriec_289_ing.pdf\\\">Per\u00fa<\/a> (Sentencia) (Corte Interamericana de Derechos Humanos Serie C No 289) (20 de noviembre de 2014) p\u00e1rr. 239. \"},{\"id\":\"19dc51f7-6499-4ff2-8f1f-8857490ef99b\",\"content\":\"<a href=\\\"https:\/\/www.corteidh.or.cr\/docs\/casos\/articulos\/seriec_275_esp.pdf\\\">J vs. Per\u00fa<\/a> (Sentencia) (Corte Interamericana de Derechos Humanos Serie C No 275) (27 de noviembre de 2013) p\u00e1rr. 350. \"},{\"id\":\"f929077b-37fd-43c2-99bd-47bc8feb58e2\",\"content\":\"<a href=\\\"https:\/\/www.corteidh.or.cr\/docs\/casos\/articulos\/seriec_289_esp.pdf\\\">Espinoza Gonz\u00e1les vs. Per\u00fa<\/a> (Sentencia) (Corte Interamericana de Derechos Humanos Serie C No 289) (20 de noviembre de 2014) p\u00e1rr. 242. \"},{\"id\":\"aeedf5e3-17c6-46a5-95c5-e6d177b7ef8c\",\"content\":\"Convenci\u00f3n Americana, art 25(1); <a href=\\\"https:\/\/www.corteidh.or.cr\/docs\/casos\/articulos\/seriec_289_esp.pdf\\\">Espinoza Gonz\u00e1les vs. <\/a><a href=\\\"https:\/\/www.corteidh.or.cr\/docs\/casos\/articulos\/seriec_289_ing.pdf\\\">Per\u00fa<\/a> (Sentencia) (Corte Interamericana de Derechos Humanos Serie C No 289) (20 de noviembre de 2014) p\u00e1rr. 230. \"},{\"id\":\"dcb5ac70-907a-4a46-8f89-64826bbf2965\",\"content\":\"<a href=\\\"https:\/\/www.corteidh.or.cr\/docs\/casos\/articulos\/seriec_289_esp.pdf\\\">Espinoza Gonz\u00e1les vs. Per\u00fa<\/a>(Sentencia) (Corte Interamericana de Derechos Humanos Serie C No 289) (20 de noviembre de 2014) p\u00e1rr. 309. \"},{\"id\":\"856b5263-3cc8-435b-bb08-e3b21e496017\",\"content\":\"<a href=\\\"https:\/\/www.corteidh.or.cr\/docs\/casos\/articulos\/seriec_250_esp.pdf\\\">Masacres de R\u00edo Negro vs. Guatemala<\/a> (Sentencia) (Corte Interamericana de Derechos Humanos Serie C No 250) (4 de septiembre de 2012) p\u00e1rr. 257(e). \"},{\"id\":\"2a699d22-56c1-4844-b847-28efdcb9954a\",\"content\":\"<a href=\\\"https:\/\/www.corteidh.or.cr\/docs\/casos\/articulos\/seriec_289_esp.pdf\\\">Espinoza Gonz\u00e1les vs. Per\u00fa<\/a> (Sentencia) (Corte Interamericana de Derechos Humanos Serie C No 289) (20 de noviembre de 2014) p\u00e1rr. 238. \"},{\"id\":\"749d5457-12d5-4f9e-9844-084653d25362\",\"content\":\"<a href=\\\"https:\/\/www.corteidh.or.cr\/docs\/casos\/articulos\/seriec_289_esp.pdf\\\">Espinoza Gonz\u00e1les vs. Per\u00fa<\/a> (Sentencia) (Corte Interamericana de Derechos Humanos Serie C No 289) (20 de noviembre de 2014) p\u00e1rr. 238. \"},{\"id\":\"762351eb-f522-483f-b073-cbaed7636e00\",\"content\":\"<a href=\\\"https:\/\/www.corteidh.or.cr\/docs\/casos\/articulos\/seriec_211_esp.pdf\\\">Masacre de Las Dos Erres vs. Guatemala<\/a> (Sentencia) (Corte Interamericana de Derechos Humanos Serie C No 211) (24 de noviembre de 2009) p\u00e1rr. 140. \"},{\"id\":\"e90d9cb4-a27f-48ca-8ec7-5b14b896f706\",\"content\":\"<a href=\\\"https:\/\/www.corteidh.or.cr\/docs\/casos\/articulos\/seriec_211_esp.pdf\\\">Masacre de Las Dos Erres vs. Guatemala<\/a> (Sentencia) (Corte Interamericana de Derechos Humanos Serie C No 211) (24 de noviembre de 2009) p\u00e1rr. 147. \"},{\"id\":\"21e281f6-ec69-45ab-8580-bc03962bf4f9\",\"content\":\"<a href=\\\"https:\/\/www.corteidh.or.cr\/docs\/casos\/articulos\/seriec_202_esp.pdf\\\">Anzualdo Castro vs. Per\u00fa<\/a> (Sentencia) (Corte Interamericana de Derechos Humanos Serie C No 202) (22 de septiembre de 2009) p\u00e1rr. 119; <a href=\\\"https:\/\/www.corteidh.or.cr\/docs\/casos\/articulos\/seriec_196_esp.pdf\\\">Kawas Fern\u00e1ndez vs. Honduras<\/a> (Sentencia) (Corte Interamericana de Derechos Humanos Serie C No 196) (3 de abril de 2009) p\u00e1rr. 194. \"},{\"id\":\"957a6fa3-1c85-4e13-b7c1-4843bb1c1f58\",\"content\":\"<a href=\\\"https:\/\/www.corteidh.or.cr\/docs\/casos\/articulos\/seriec_371_esp.pdf\\\">Mujeres V\u00edctimas de Tortura Sexual en Atenco vs. M\u00e9xico<\/a> (Sentencia) (Corte Interamericana de Derechos Humanos Serie C No 371) (28 de noviembre de 2018) p\u00e1rr. 360; Convenci\u00f3n de Bel\u00e9m do Par\u00e1, art 10. \"},{\"id\":\"48605720-e54d-4262-9413-a7ad858ade34\",\"content\":\"<a href=\\\"https:\/\/www.corteidh.or.cr\/docs\/casos\/articulos\/seriec_422_esp.pdf\\\">Vicky Hernandez vs. Honduras<\/a> (Sentencia) (Corte Interamericana de Derechos Humanos Serie C No 422) (26 de marzo de 2021) p\u00e1rr. 179. \"},{\"id\":\"50d17534-8350-437c-b8d6-4ef538fa47d1\",\"content\":\"<a href=\\\"https:\/\/www.corteidh.or.cr\/docs\/casos\/articulos\/seriec_289_esp.pdf\\\">Espinoza Gonz\u00e1les vs. Per\u00fa<\/a> (Sentencia) (Corte Interamericana de Derechos Humanos Serie C No 289) (20 de noviembre de 2014) p\u00e1rr. 239. \"},{\"id\":\"06752a7f-f15c-45ef-a773-c1394e132d0a\",\"content\":\"<a href=\\\"https:\/\/www.corteidh.or.cr\/docs\/casos\/articulos\/seriec_275_esp.pdf\\\">J vs. Per\u00fa<\/a> (Sentencia) (Corte Interamericana de Derechos Humanos Serie C No 275) (27 de noviembre de 2013) p\u00e1rr. 350; <a href=\\\"https:\/\/www.corteidh.or.cr\/docs\/casos\/articulos\/seriec_289_esp.pdf\\\">Espinoza Gonz\u00e1les vs. Per\u00fa<\/a> (Sentencia) (Corte Interamericana de Derechos Humanos Serie C No 289) (20 de noviembre de 2014) p\u00e1rr. 241. \"},{\"id\":\"3a7e17cd-a11f-4650-859b-2373c03837d0\",\"content\":\"<a href=\\\"https:\/\/www.corteidh.or.cr\/docs\/casos\/articulos\/seriec_289_esp.pdf\\\">Espinoza Gonz\u00e1les vs. Per\u00fa<\/a> (Sentencia) (Corte Interamericana de Derechos Humanos Serie C No 289) (20 de noviembre de 2014) p\u00e1rr. 241. \"},{\"id\":\"428552c2-2079-4af0-a25c-2fba8e6053de\",\"content\":\"<a href=\\\"https:\/\/www.corteidh.or.cr\/docs\/casos\/articulos\/seriec_275_esp.pdf\\\">J vs. Per\u00fa<\/a> (Sentencia) (Corte Interamericana de Derechos Humanos Serie C No 275) (27 de noviembre de 2013) p\u00e1rr. 350. \"},{\"id\":\"29a079c9-cdfd-4b5f-93ac-08447e87862d\",\"content\":\"<a href=\\\"https:\/\/www.corteidh.or.cr\/docs\/casos\/articulos\/seriec_275_esp.pdf\\\">J vs. Per\u00fa<\/a> (Sentencia) (Corte Interamericana de Derechos Humanos Serie C No 275) (27 de noviembre de 2013) p\u00e1rr. 352. \"},{\"id\":\"7bd8c9df-8361-459f-b98c-c69fe13bd04b\",\"content\":\"<a href=\\\"https:\/\/www.corteidh.or.cr\/docs\/casos\/articulos\/seriec_211_esp.pdf\\\">Masacre de Las Dos Erres vs. Guatemala<\/a> (Sentencia) (Corte Interamericana de Derechos Humanos Serie C No 211) (24 de noviembre de 2009) p\u00e1rr. 233(b). \"},{\"id\":\"f2de5d57-57cb-46c2-a9e5-ed247299d6e8\",\"content\":\"Convenci\u00f3n Americana, arts. 8(1) y 25(1); AICPPT, arts. 1, 6 y 8; Convenci\u00f3n de Bel\u00e9m do Par\u00e1, art. 7(b); <a href=\\\"https:\/\/www.corteidh.or.cr\/docs\/casos\/articulos\/seriec_211_esp.pdf\\\">Masacre de Las Dos Erres vs. Guatemala<\/a> (Sentencia) (Corte Interamericana de Derechos Humanos Serie C No 211) (24 de noviembre de 2009) p\u00e1rr. 141. \"},{\"id\":\"e67aabee-5500-4906-8069-57d66748dfeb\",\"content\":\"<a href=\\\"https:\/\/www.corteidh.or.cr\/docs\/casos\/articulos\/seriec_289_esp.pdf\\\">Espinoza Gonz\u00e1les vs. Per\u00fa<\/a> (Sentencia) (Corte Interamericana de Derechos Humanos Serie C No 289) (20 de noviembre de 2014) p\u00e1rr. 237; <a href=\\\"https:\/\/www.corteidh.or.cr\/docs\/casos\/articulos\/seriec_371_esp.pdf\\\"> Mujeres V\u00edctimas de Tortura Sexual en Atenco vs. M\u00e9xico<\/a> (Sentencia) (Corte Interamericana de Derechos Humanos Serie C No 371) (28 de noviembre de 2018) p\u00e1rr. 267. \"},{\"id\":\"51d347fc-2174-464f-9321-8f74d1a58e52\",\"content\":\"<a href=\\\"https:\/\/www.corteidh.or.cr\/docs\/casos\/articulos\/seriec_371_esp.pdf\\\">Mujeres V\u00edctimas de Tortura Sexual en Atenco vs. M\u00e9xico<\/a> (Sentencia) (Corte Interamericana de Derechos Humanos Serie C No 371) (28 de noviembre de 2018) p\u00e1rr. 306. \"},{\"id\":\"a99c3489-f20c-4d6f-b4b3-b6eeb67cd942\",\"content\":\"<a href=\\\"https:\/\/www.corteidh.or.cr\/docs\/casos\/articulos\/seriec_289_esp.pdf\\\">Espinoza Gonz\u00e1les vs. Per\u00fa<\/a> (Sentencia) (Corte Interamericana de Derechos Humanos Serie C No 289) (20 de noviembre de 2014) p\u00e1rr. 256; <a href=\\\"https:\/\/www.corteidh.or.cr\/docs\/casos\/articulos\/seriec_215_esp.pdf\\\"> Fern\u00e1ndez Ortega vs. M\u00e9xico<\/a> (Sentencia) (Corte Interamericana de Derechos Humanos Serie C No 215) (30 de agosto de 2010) p\u00e1rr. 196. \"},{\"id\":\"cfde5822-e936-49bf-aaa5-67da8341c2b0\",\"content\":\"<a href=\\\"https:\/\/www.corteidh.or.cr\/docs\/casos\/articulos\/seriec_275_esp.pdf\\\">J vs. Per\u00fa<\/a> (Sentencia) (Corte Interamericana de Derechos Humanos Serie C No 275) (27 de noviembre de 2013) p\u00e1rr. 351. \"},{\"id\":\"1537b340-c16d-41d2-a69f-d3e6183c793c\",\"content\":\"<a href=\\\"https:\/\/www.corteidh.or.cr\/docs\/casos\/articulos\/seriec_275_esp.pdf\\\">J vs. Per\u00fa<\/a> (Sentencia) (Corte Interamericana de Derechos Humanos Serie C No 275) (27 de noviembre de 2013) p\u00e1rr. 351. \"},{\"id\":\"6a420880-708e-4d7e-b80c-2fe4e4125200\",\"content\":\"<a href=\\\"https:\/\/www.corteidh.or.cr\/docs\/casos\/articulos\/seriec_371_esp.pdf\\\">Mujeres V\u00edctimas de Tortura Sexual en Atenco vs. M\u00e9xico<\/a> (Sentencia) (Corte Interamericana de Derechos Humanos Serie C No 371) (28 de noviembre de 2018) p\u00e1rrafos 272-273. \"},{\"id\":\"f41dee03-3c0f-4916-affd-43dbdd235ecd\",\"content\":\"<a href=\\\"https:\/\/www.corteidh.or.cr\/docs\/casos\/articulos\/seriec_371_esp.pdf\\\">Mujeres V\u00edctimas de Tortura Sexual en Atenco vs. M\u00e9xico<\/a> (Sentencia) (Corte Interamericana de Derechos Humanos Serie C No 371) (28 de noviembre de 2018) p\u00e1rr. 364. \"},{\"id\":\"14ea000a-9d49-496f-8557-717c23535b61\",\"content\":\"<a href=\\\"https:\/\/www.corteidh.or.cr\/docs\/casos\/articulos\/seriec_289_esp.pdf\\\">Espinoza Gonz\u00e1les vs. Per\u00fa<\/a> (Sentencia) (Corte Interamericana de Derechos Humanos Serie C No 289) (20 de noviembre de 2014) p\u00e1rr. 242. \"},{\"id\":\"2ac7d177-d200-4eee-9b6f-1c25de0de62a\",\"content\":\"<a href=\\\"https:\/\/www.corteidh.or.cr\/docs\/casos\/articulos\/seriec_422_esp.pdf\\\">Vicky Hernandez vs. Honduras<\/a> (Sentencia) (Corte Interamericana de Derechos Humanos Serie C No 422) (26 de marzo de 2021) p\u00e1rr. 172. \"},{\"id\":\"5019811f-47d8-4523-b55b-14c65aa569a4\",\"content\":\"<a href=\\\"https:\/\/www.corteidh.or.cr\/docs\/casos\/articulos\/seriec_371_esp.pdf\\\">Mujeres V\u00edctimas de Tortura Sexual en Atenco vs. M\u00e9xico<\/a> (Sentencia) (Corte Interamericana de Derechos Humanos Serie C No 371) (28 de noviembre de 2018) p\u00e1rr. 317. \"},{\"id\":\"6181cd20-69a0-41c0-b2a5-ed015358ffc8\",\"content\":\"<a href=\\\"https:\/\/www.corteidh.or.cr\/docs\/casos\/articulos\/seriec_289_esp.pdf\\\">Espinoza Gonz\u00e1les vs. Per\u00fa<\/a> (Sentencia) (Corte Interamericana de Derechos Humanos Serie C No 289) (20 de noviembre de 2014) p\u00e1rr. 278. \"},{\"id\":\"10c575b0-5352-4ba9-b293-995cb449177a\",\"content\":\"<a href=\\\"https:\/\/www.corteidh.or.cr\/docs\/casos\/articulos\/seriec_475_esp.pdf\\\">Angulo Losada vs. Bolivia<\/a> (Sentencia) (Corte Interamericana de Derechos Humanos Serie C No 475) (18 de noviembre de 2022) p\u00e1rr. 164. \"},{\"id\":\"8727651c-6cca-4985-8d31-250783460ede\",\"content\":\"<a href=\\\"https:\/\/www.corteidh.or.cr\/docs\/casos\/articulos\/seriec_371_esp.pdf\\\">Mujeres V\u00edctimas de Tortura Sexual en Atenco vs. M\u00e9xico<\/a> (Sentencia) (Corte Interamericana de Derechos Humanos Serie C No 371) (28 de noviembre de 2018) p\u00e1rr. 310. \"},{\"id\":\"d274e4ac-fcda-4fa4-82e0-3b4f03f6ae08\",\"content\":\"<a href=\\\"https:\/\/www.corteidh.or.cr\/docs\/casos\/articulos\/seriec_371_esp.pdf\\\">Mujeres V\u00edctimas de Tortura Sexual en Atenco vs. M\u00e9xico<\/a> (Sentencia) (Corte Interamericana de Derechos Humanos Serie C No 371) (28 de noviembre de 2018) p\u00e1rrafos 310 y 313-317. \"},{\"id\":\"fe8860b4-b02a-47ce-add1-be27054c9167\",\"content\":\"<a href=\\\"https:\/\/www.corteidh.or.cr\/docs\/casos\/articulos\/seriec_289_esp.pdf\\\">Espinoza Gonz\u00e1les vs. Per\u00fa<\/a> (Sentencia) (Corte Interamericana de Derechos Humanos Serie C No 289) (20 de noviembre de 2014) p\u00e1rrafos 252-253 y nota 421. \"},{\"id\":\"4307342a-ce02-42bf-b913-37a06bc7de61\",\"content\":\"<a href=\\\"https:\/\/www.corteidh.or.cr\/docs\/casos\/articulos\/seriec_289_esp.pdf\\\">Espinoza Gonz\u00e1les vs. Per\u00fa<\/a> (Sentencia) (Corte Interamericana de Derechos Humanos Serie C No 289) (20 de noviembre de 2014) p\u00e1rr. 256. \"},{\"id\":\"9e4402d2-abdd-4ac7-a490-696346c8467a\",\"content\":\"<a href=\\\"https:\/\/www.corteidh.or.cr\/docs\/casos\/articulos\/seriec_289_esp.pdf\\\">Espinoza Gonz\u00e1les vs. Per\u00fa<\/a> (Sentencia) (Corte Interamericana de Derechos Humanos Serie C No 289) (20 de noviembre de 2014) p\u00e1rr. 256. \"},{\"id\":\"ccd12a08-7663-46f7-aa38-bb342a1dcb53\",\"content\":\"<a href=\\\"https:\/\/www.corteidh.or.cr\/docs\/casos\/articulos\/seriec_475_esp.pdf\\\">Angulo Losada vs. Bolivia<\/a> (Sentencia) (Corte Interamericana de Derechos Humanos Serie C No 475) (18 de noviembre de 2022) p\u00e1rr. 113. \"},{\"id\":\"4e0be767-4229-48fe-a8e4-4369c87da9db\",\"content\":\"Convenci\u00f3n Americana, art 19; <a href=\\\"https:\/\/www.corteidh.or.cr\/docs\/casos\/articulos\/seriec_350_esp.pdf\\\">V.R.P., V.P.C. vs. Nicaragua<\/a> (Sentencia) (Corte Interamericana de Derechos Humanos Serie C No 350) (8 de marzo de 2018) p\u00e1rr 155. \"},{\"id\":\"0ea5311f-9a1b-49a3-a9c8-58ee318cc86a\",\"content\":\"<a href=\\\"https:\/\/www.corteidh.or.cr\/docs\/casos\/articulos\/seriec_350_esp.pdf\\\">V.R.P., V.P.C. vs. Nicaragua<\/a> (Sentencia) (Corte Interamericana de Derechos Humanos Serie C No 350) (8 de marzo de 2018) p\u00e1rr. 155. \"},{\"id\":\"784f41fe-6eb5-4dba-a924-9f151c2e4aad\",\"content\":\"<a href=\\\"https:\/\/www.corteidh.or.cr\/docs\/casos\/articulos\/seriec_350_esp.pdf\\\">V.R.P., V.P.C. vs. Nicaragua<\/a> (Sentencia) (Corte Interamericana de Derechos Humanos Serie C No 350) (8 de marzo de 2018) p\u00e1rrafos 156-157. \"},{\"id\":\"f3c61f28-2a42-46f0-b3ac-50cb51a34153\",\"content\":\"<a href=\\\"https:\/\/www.corteidh.or.cr\/docs\/casos\/articulos\/seriec_350_esp.pdf\\\">V.R.P., V.P.C. vs. Nicaragua<\/a> (Sentencia) (Corte Interamericana de Derechos Humanos Serie C No 350) (8 de marzo de 2018) p\u00e1rrafos 156-157. \"},{\"id\":\"cdf44b85-edd4-40fa-aa8f-a2710c0f7260\",\"content\":\"<a href=\\\"https:\/\/www.corteidh.or.cr\/docs\/casos\/articulos\/seriec_350_esp.pdf\\\">V.R.P., V.P.C. vs. Nicaragua<\/a> (Sentencia) (Corte Interamericana de Derechos Humanos Serie C No 350) (8 de marzo de 2018) p\u00e1rrafos 156-157. \"},{\"id\":\"154cfc50-91f2-4d16-94c3-6291dd41b583\",\"content\":\"<a href=\\\"https:\/\/www.corteidh.or.cr\/docs\/casos\/articulos\/seriec_350_esp.pdf\\\">V.R.P., V.P.C. vs. Nicaragua<\/a> (Sentencia) (Corte Interamericana de Derechos Humanos Serie C No 350) (8 de marzo de 2018) p\u00e1rr. 164. \"},{\"id\":\"0ef36a90-6143-4c58-9012-52f1c00cd0a9\",\"content\":\"<a href=\\\"https:\/\/www.corteidh.or.cr\/docs\/casos\/articulos\/seriec_350_esp.pdf\\\">V.R.P., V.P.C. vs. Nicaragua<\/a> (Sentencia) (Corte Interamericana de Derechos Humanos Serie C No 350) (8 de marzo de 2018) p\u00e1rr. 163. \"},{\"id\":\"a111591f-7aa7-4d60-8247-87a522bf34a7\",\"content\":\"<a href=\\\"https:\/\/www.corteidh.or.cr\/docs\/casos\/articulos\/seriec_350_esp.pdf\\\">V.R.P., V.P.C. vs. Nicaragua<\/a> (Sentencia) (Corte Interamericana de Derechos Humanos Serie C No 350) (8 de marzo de 2018) p\u00e1rr. 170. \"},{\"id\":\"d770bae8-b057-4dc3-ad47-1ddca0d28246\",\"content\":\"<a href=\\\"https:\/\/www.corteidh.or.cr\/docs\/casos\/articulos\/seriec_350_esp.pdf\\\">V.R.P., V.P.C. vs. Nicaragua<\/a> (Sentencia) (Corte Interamericana de Derechos Humanos Serie C No 350) (8 de marzo de 2018) p\u00e1rr. 159. \"},{\"id\":\"3e6d740a-eabe-4332-a4cb-3ca773fdb1a8\",\"content\":\"<a href=\\\"https:\/\/www.corteidh.or.cr\/docs\/casos\/articulos\/seriec_350_esp.pdf\\\">V.R.P., V.P.C. vs. Nicaragua<\/a> (Sentencia) (Corte Interamericana de Derechos Humanos Serie C No 350) (8 de marzo de 2018) p\u00e1rr. 161. \"},{\"id\":\"95702745-2261-434a-b288-53f7efc36db2\",\"content\":\"<a href=\\\"https:\/\/www.corteidh.or.cr\/docs\/casos\/articulos\/seriec_350_esp.pdf\\\">V.R.P., V.P.C. vs. Nicaragua<\/a> (Sentencia) (Corte Interamericana de Derechos Humanos Serie C No 350) (8 de marzo de 2018) p\u00e1rr. 166. \"},{\"id\":\"92c74f73-7194-4e46-ba49-44572756eab4\",\"content\":\"<a href=\\\"https:\/\/www.corteidh.or.cr\/docs\/casos\/articulos\/seriec_350_esp.pdf\\\">V.R.P., V.P.C. vs. Nicaragua<\/a> (Sentencia) (Corte Interamericana de Derechos Humanos Serie C No 350) (8 de marzo de 2018) p\u00e1rr. 167. \"},{\"id\":\"1b0cb71e-46c1-4b09-88ae-5173067faf81\",\"content\":\"<a href=\\\"https:\/\/www.corteidh.or.cr\/docs\/casos\/articulos\/seriec_350_esp.pdf\\\">V.R.P., V.P.C. vs. Nicaragua<\/a> (Sentencia) (Corte Interamericana de Derechos Humanos Serie C No 350) (8 de marzo de 2018) p\u00e1rr. 166. \"},{\"id\":\"5d874e64-14af-4b66-bec8-ab9fda34f69b\",\"content\":\"<a href=\\\"https:\/\/www.corteidh.or.cr\/docs\/casos\/articulos\/seriec_350_esp.pdf\\\">V.R.P., V.P.C. vs. Nicaragua<\/a> (Sentencia) (Corte Interamericana de Derechos Humanos Serie C No 350) (8 de marzo de 2018) p\u00e1rr. 167. \"},{\"id\":\"97de90d3-c733-43ee-aea4-7e867c0623be\",\"content\":\"<a href=\\\"https:\/\/www.corteidh.or.cr\/docs\/casos\/articulos\/seriec_250_esp.pdf\\\">Masacres de R\u00edo Negro vs. Guatemala<\/a> (Sentencia) (Corte Interamericana de Derechos Humanos Serie C No 250) (4 de septiembre de 2012) p\u00e1rr. 261. \"},{\"id\":\"81781508-bcd8-4c71-8ba5-216abc78680e\",\"content\":\"<a href=\\\"https:\/\/www.corteidh.or.cr\/docs\/casos\/articulos\/seriec_250_esp.pdf\\\">Masacres de R\u00edo Negro vs. Guatemala<\/a> (Sentencia) (Corte Interamericana de Derechos Humanos Serie C No 250) (4 de septiembre de 2012) p\u00e1rr. 258. \"},{\"id\":\"41b24257-b58e-4783-9dcb-71fb323f652f\",\"content\":\"<a href=\\\"https:\/\/www.corteidh.or.cr\/docs\/casos\/articulos\/seriec_253_esp.pdf\\\">Gudiel \u00c1lvarez (\\\"Diario Militar\\\") vs. Guatemala<\/a> (Sentencia) (Corte Interamericana de Derechos Humanos Serie C No 253) (20 de noviembre de 2012) p\u00e1rr. 286. \"},{\"id\":\"3b2c2455-0170-4e1a-a0a3-052ce204c750\",\"content\":\"<a href=\\\"https:\/\/www.corteidh.or.cr\/docs\/casos\/articulos\/seriec_371_esp.pdf\\\">Mujeres V\u00edctimas de Tortura Sexual en Atenco vs. M\u00e9xico<\/a> (Sentencia) (Corte Interamericana de Derechos Humanos Serie C No 371) (28 de noviembre de 2018) p\u00e1rr. 320. \"},{\"id\":\"e5a7e575-072b-4a27-ba1c-39b82843ec91\",\"content\":\"<a href=\\\"https:\/\/www.corteidh.or.cr\/docs\/casos\/articulos\/seriec_371_esp.pdf\\\">Mujeres V\u00edctimas de Tortura Sexual en Atenco vs. M\u00e9xico<\/a> (Sentencia) (Corte Interamericana de Derechos Humanos Serie C No 371) (28 de noviembre de 2018) p\u00e1rrafos 320-321. \"},{\"id\":\"c524c3d4-95db-45b0-b4ce-eaaa012666dc\",\"content\":\"<a href=\\\"https:\/\/www.corteidh.or.cr\/docs\/casos\/articulos\/seriec_371_esp.pdf\\\">Mujeres V\u00edctimas de Tortura Sexual en Atenco vs. M\u00e9xico<\/a> (Sentencia) (Corte Interamericana de Derechos Humanos Serie C No 371) (28 de noviembre de 2018) p\u00e1rr. 320. \"},{\"id\":\"ee7e8fc2-47e6-47b0-ac33-8b35ed07e506\",\"content\":\"cf. <a href=\\\"https:\/\/www.corteidh.or.cr\/docs\/casos\/articulos\/seriec_475_esp.pdf\\\">Angulo Losada vs. Bolivia<\/a> (Sentencia) (Corte Interamericana de Derechos Humanos Serie C No 475) (18 de noviembre de 2022) p\u00e1rr. 169. \"},{\"id\":\"57344588-c5ec-4608-8099-3a3e01ed88d8\",\"content\":\"<a href=\\\"https:\/\/www.corteidh.or.cr\/docs\/casos\/articulos\/seriec_211_esp.pdf\\\">Masacre de Las Dos Erres vs. Guatemala<\/a> (Sentencia) (Corte Interamericana de Derechos Humanos Serie C No 211) (24 de noviembre de 2009) p\u00e1rr. 233. \"},{\"id\":\"75008b14-f99c-4cb1-98b6-4bcc450cb781\",\"content\":\"<a href=\\\"https:\/\/www.corteidh.or.cr\/docs\/casos\/articulos\/seriec_211_esp.pdf\\\">Masacre de Las Dos Erres vs. Guatemala<\/a> (Sentencia) (Corte Interamericana de Derechos Humanos Serie C No 211) (24 de noviembre de 2009) p\u00e1rr. 144; <a href=\\\"https:\/\/www.corteidh.or.cr\/docs\/casos\/articulos\/seriec_250_esp.pdf\\\">Masacres de R\u00edo Negro vs. Guatemala<\/a> (Sentencia) (Corte Interamericana de Derechos Humanos Serie C No 250) (4 de septiembre de 2012) p\u00e1rr. 257. \"},{\"id\":\"58462d31-1282-4671-9dc8-91e6395fe961\",\"content\":\"<a href=\\\"https:\/\/www.corteidh.or.cr\/docs\/casos\/articulos\/seriec_371_esp.pdf\\\">Mujeres V\u00edctimas de Tortura Sexual en Atenco vs. M\u00e9xico<\/a> (Sentencia) (Corte Interamericana de Derechos Humanos Serie C No 371) (28 de noviembre de 2018) p\u00e1rr. 287. \"},{\"id\":\"d6a5a573-04ac-40ab-bb62-3dcd0584069e\",\"content\":\"<a href=\\\"https:\/\/www.corteidh.or.cr\/docs\/casos\/articulos\/seriec_371_esp.pdf\\\">Mujeres V\u00edctimas de Tortura Sexual en Atenco vs. M\u00e9xico<\/a> (Sentencia) (Corte Interamericana de Derechos Humanos Serie C No 371) (28 de noviembre de 2018) p\u00e1rr. 287. \"},{\"id\":\"1d91dc4c-9970-4ae2-a847-3fca4a2032d5\",\"content\":\"<a href=\\\"https:\/\/www.corteidh.or.cr\/docs\/casos\/articulos\/seriec_371_esp.pdf\\\">Mujeres V\u00edctimas de Tortura Sexual en Atenco vs. M\u00e9xico<\/a> (Sentencia) (Corte Interamericana de Derechos Humanos Serie C No 371) (28 de noviembre de 2018) p\u00e1rr. 287; <a href=\\\"https:\/\/www.corteidh.or.cr\/docs\/casos\/articulos\/seriec_95_esp.pdf\\\">El Caracazo vs Venezuela<\/a> (Sentencia) (Corte Interamericana de Derechos Humanos Serie C No 95) (29 de agosto de 2002) p\u00e1rr. 116. \"},{\"id\":\"e3254327-0b5e-430a-8fcc-88df7d59642d\",\"content\":\"<a href=\\\"https:\/\/www.corteidh.or.cr\/docs\/casos\/articulos\/seriec_371_esp.pdf\\\">Mujeres V\u00edctimas de Tortura Sexual en Atenco vs. M\u00e9xico<\/a> (Sentencia) (Corte Interamericana de Derechos Humanos Serie C No 371) (28 de noviembre de 2018) p\u00e1rr. 287; <a href=\\\"https:\/\/www.corteidh.or.cr\/docs\/casos\/articulos\/seriec_95_esp.pdf\\\">El Caracazo vs Venezuela<\/a> (Sentencia) (Corte Interamericana de Derechos Humanos Serie C No 95) (29 de agosto de 2002) p\u00e1rr. 116. \"},{\"id\":\"5b17f798-2f00-4b31-957e-93f8296a2b8f\",\"content\":\"<a href=\\\"https:\/\/www.corteidh.or.cr\/docs\/casos\/articulos\/seriec_371_esp.pdf\\\">Mujeres V\u00edctimas de Tortura Sexual en Atenco vs. M\u00e9xico<\/a> (Sentencia) (Corte Interamericana de Derechos Humanos Serie C No 371) (28 de noviembre de 2018) p\u00e1rr. 287. \"},{\"id\":\"7af2a74b-26b1-42f6-a069-f436d26e0b11\",\"content\":\"<a href=\\\"https:\/\/www.corteidh.or.cr\/docs\/casos\/articulos\/seriec_253_esp.pdf\\\">Gudiel \u00c1lvarez (\\\"Diario Militar\\\") vs. Guatemala<\/a> (Sentencia) (Corte Interamericana de Derechos Humanos Serie C No 253) (20 de noviembre de 2012) p\u00e1rr. 269. \"},{\"id\":\"5eab3cea-5f5c-461d-9faa-02cbd80b0285\",\"content\":\"<a href=\\\"https:\/\/www.corteidh.or.cr\/docs\/casos\/articulos\/seriec_371_esp.pdf\\\">Mujeres V\u00edctimas de Tortura Sexual en Atenco vs. M\u00e9xico<\/a> (Sentencia) (Corte Interamericana de Derechos Humanos Serie C No 371) (28 de noviembre de 2018) p\u00e1rr. 287; <a href=\\\"https:\/\/www.corteidh.or.cr\/docs\/casos\/articulos\/seriec_101_esp.pdf\\\">Myrna Mack Chang vs Guatemala<\/a> (Sentencia) (Corte Interamericana de Derechos Humanos Serie C No 101) (25 de noviembre de 2003) p\u00e1rr. 182. \"},{\"id\":\"d9dd2460-a2c4-41c5-87f1-4f76794a1bd5\",\"content\":\"<a href=\\\"https:\/\/www.corteidh.or.cr\/docs\/casos\/articulos\/seriec_371_esp.pdf\\\">Mujeres V\u00edctimas de Tortura Sexual en Atenco vs. M\u00e9xico<\/a> (Sentencia) (Corte Interamericana de Derechos Humanos Serie C No 371) (28 de noviembre de 2018) p\u00e1rr. 287; <a href=\\\"https:\/\/www.corteidh.or.cr\/docs\/casos\/articulos\/seriec_299_esp.pdf\\\">Comunidad Campesina de Santa B\u00e1rbara vs. Per\u00fa<\/a> (Sentencia) (Corte Interamericana de Derechos Humanos Serie C No 299) (1 de septiembre de 2015) p\u00e1rrs. 244, 245, 246 y 251. \"},{\"id\":\"018d23be-bb0b-42fe-a5fe-d80670d6899c\",\"content\":\"<a href=\\\"https:\/\/www.corteidh.or.cr\/docs\/casos\/articulos\/seriec_371_esp.pdf\\\">Mujeres V\u00edctimas de Tortura Sexual en Atenco vs. M\u00e9xico<\/a> (Sentencia) (Corte Interamericana de Derechos Humanos Serie C No 371) (28 de noviembre de 2018) p\u00e1rr. 287; <a href=\\\"https:\/\/www.corteidh.or.cr\/docs\/casos\/articulos\/seriec_75_esp.pdf\\\">Barrios Altos vs. Per\u00fa<\/a> (Sentencia) (Corte Interamericana de Derechos Humanos Serie C No 75) (14 de marzo de 2001) p\u00e1rr. 41; <a href=\\\"https:\/\/www.corteidh.or.cr\/docs\/casos\/articulos\/seriec_353_esp.pdf\\\">Herzog vs. Brasil<\/a> (Sentencia) (Corte Interamericana de Derechos Humanos Serie C No 353) (15 de marzo de 2018) p\u00e1rr. 232. \"},{\"id\":\"a7ce62a8-7c3a-49c9-b08b-ccdda52259a9\",\"content\":\"<a href=\\\"https:\/\/www.corteidh.or.cr\/docs\/casos\/articulos\/seriec_250_esp.pdf\\\">Masacres de R\u00edo Negro vs. Guatemala<\/a> (Sentencia) (Corte Interamericana de Derechos Humanos Serie C No 250) (4 de septiembre de 2012) p\u00e1rr. 257(a). \"},{\"id\":\"3f4a0ad5-966a-433a-a424-00217da3a3be\",\"content\":\"CIPST, art 4. \"},{\"id\":\"a9be445e-92fd-411c-8e99-594bf4e3e1a6\",\"content\":\"<a href=\\\"https:\/\/www.corteidh.or.cr\/docs\/casos\/articulos\/seriec_371_esp.pdf\\\">Mujeres V\u00edctimas de Tortura Sexual en Atenco vs. M\u00e9xico<\/a> (Sentencia) (Corte Interamericana de Derechos Humanos Serie C No 371) (28 de noviembre de 2018) p\u00e1rr. 338. \"},{\"id\":\"3437edca-1edc-4929-87cd-eefc450aeb23\",\"content\":\"<a href=\\\"https:\/\/www.corteidh.or.cr\/docs\/casos\/articulos\/seriec_275_esp.pdf\\\">J vs. Per\u00fa<\/a> (Sentencia) (Corte Interamericana de Derechos Humanos Serie C No 275) (27 de noviembre de 2013) p\u00e1rr. 349. \"},{\"id\":\"367b8053-911c-4f1c-b4f8-46f06468ae28\",\"content\":\"<a href=\\\"https:\/\/www.corteidh.or.cr\/docs\/casos\/articulos\/seriec_275_esp.pdf\\\">J vs. Per\u00fa<\/a> (Sentencia) (Corte Interamericana de Derechos Humanos Serie C No 275) (27 de noviembre de 2013) p\u00e1rr. 349. \"},{\"id\":\"99520e71-a3ac-467c-88d1-a44d2ab2d962\",\"content\":\"<a href=\\\"https:\/\/www.corteidh.or.cr\/docs\/casos\/articulos\/seriec_250_esp.pdf\\\">Masacres de R\u00edo Negro vs. Guatemala<\/a> (Sentencia) (Corte Interamericana de Derechos Humanos Serie C No 250) (4 de septiembre de 2012) p\u00e1rr. 257(d). \"},{\"id\":\"2bebe180-5e0b-4cac-904a-45f875dd978d\",\"content\":\"<a href=\\\"https:\/\/www.corteidh.or.cr\/docs\/casos\/articulos\/seriec_289_esp.pdf\\\">Espinoza Gonz\u00e1les vs. Per\u00fa<\/a> (Sentencia) (Corte Interamericana de Derechos Humanos Serie C No 289) (20 de noviembre de 2014) p\u00e1rrafos 314-315. \"},{\"id\":\"8e28831c-53c9-4813-881f-11595e873218\",\"content\":\"<a href=\\\"https:\/\/www.corteidh.or.cr\/docs\/casos\/articulos\/seriec_350_esp.pdf\\\">V.R.P., V.P.C. vs. Nicaragua<\/a> (Sentencia) (Corte Interamericana de Derechos Humanos Serie C No 350) (8 de marzo de 2018) p\u00e1rr. 150. \"},{\"id\":\"744719cc-0f3d-4913-ae3b-aa078905b3cd\",\"content\":\"<a href=\\\"https:\/\/www.corteidh.or.cr\/docs\/casos\/articulos\/seriec_371_esp.pdf\\\">Mujeres V\u00edctimas de Tortura Sexual en Atenco vs. M\u00e9xico<\/a> (Sentencia) (Corte Interamericana de Derechos Humanos Serie C No 371) (28 de noviembre de 2018) p\u00e1rr. 325. \"},{\"id\":\"444940be-a788-4d44-8e39-8700f778582a\",\"content\":\"<a href=\\\"https:\/\/www.corteidh.or.cr\/docs\/casos\/articulos\/seriec_475_esp.pdf\\\">Angulo Losada vs. Bolivia<\/a> (Sentencia) (Corte Interamericana de Derechos Humanos Serie C No 475) (18 de noviembre de 2022) p\u00e1rr. 175. \"},{\"id\":\"a38b627c-7cff-4205-a628-e0f76baedf46\",\"content\":\"<a href=\\\"https:\/\/www.corteidh.or.cr\/docs\/casos\/articulos\/seriec_371_esp.pdf\\\">Mujeres V\u00edctimas de Tortura Sexual en Atenco vs. M\u00e9xico<\/a> (Sentencia) (Corte Interamericana de Derechos Humanos Serie C No 371) (28 de noviembre de 2018) p\u00e1rr. 326. \"},{\"id\":\"aa0b9d4e-ee0e-47e6-ae94-a0243ae1f2a0\",\"content\":\"<a href=\\\"https:\/\/www.corteidh.or.cr\/docs\/casos\/articulos\/seriec_289_esp.pdf\\\">Espinoza Gonz\u00e1les vs. Per\u00fa<\/a> (Sentencia) (Corte Interamericana de Derechos Humanos Serie C No 289) (20 de noviembre de 2014) p\u00e1rr. 337. \"},{\"id\":\"0c7a8fa4-e5ba-4d0f-b8eb-19ef4a9b8a72\",\"content\":\"<a href=\\\"https:\/\/www.corteidh.or.cr\/docs\/casos\/articulos\/seriec_371_esp.pdf\\\">Mujeres V\u00edctimas de Tortura Sexual en Atenco vs. M\u00e9xico<\/a> (Sentencia) (Corte Interamericana de Derechos Humanos Serie C No 371) (28 de noviembre de 2018) p\u00e1rr. 326. \"},{\"id\":\"40a04f78-b18e-45f5-bbcc-188094242423\",\"content\":\"<a href=\\\"https:\/\/www.corteidh.or.cr\/docs\/casos\/articulos\/seriec_371_esp.pdf\\\">Mujeres V\u00edctimas de Tortura Sexual en Atenco vs. M\u00e9xico<\/a> (Sentencia) (Corte Interamericana de Derechos Humanos Serie C No 371) (28 de noviembre de 2018) p\u00e1rr. 369. \"},{\"id\":\"2d5b058e-e013-434e-bfc6-97ff54f71aa2\",\"content\":\"<a href=\\\"https:\/\/www.corteidh.or.cr\/docs\/casos\/articulos\/seriec_371_esp.pdf\\\">Mujeres V\u00edctimas de Tortura Sexual en Atenco vs. M\u00e9xico<\/a> (Sentencia) (Corte Interamericana de Derechos Humanos Serie C No 371) (28 de noviembre de 2018) p\u00e1rr. 375; CIPST, art 9. \"},{\"id\":\"f06a4d22-f189-4490-9e42-a753123e2d22\",\"content\":\"<a href=\\\"https:\/\/www.corteidh.or.cr\/docs\/casos\/articulos\/seriec_160_esp.pdf\\\">Penal Miguel Castro-Castro vs. Per\u00fa<\/a> (Sentencia) (Corte Interamericana de Derechos Humanos Serie C No 160) (25 de noviembre de 2006) p\u00e1rr. 410(h)(i). \"},{\"id\":\"1b513331-5d46-4e0a-af9e-d91977ecae6f\",\"content\":\"<a href=\\\"https:\/\/www.corteidh.or.cr\/docs\/casos\/articulos\/seriec_371_esp.pdf\\\">Mujeres V\u00edctimas de Tortura Sexual en Atenco vs. M\u00e9xico<\/a> (Sentencia) (Corte Interamericana de Derechos Humanos Serie C No 371) (28 de noviembre de 2018) p\u00e1rrafos 347-348. \"},{\"id\":\"909ac26a-8f80-4667-bc40-8dac36af6e72\",\"content\":\"<a href=\\\"https:\/\/www.corteidh.or.cr\/docs\/casos\/articulos\/seriec_371_esp.pdf\\\">Mujeres V\u00edctimas de Tortura Sexual en Atenco vs. M\u00e9xico<\/a> (Sentencia) (Corte Interamericana de Derechos Humanos Serie C No 371) (28 de noviembre de 2018) p\u00e1rr. 344. \"},{\"id\":\"461574da-060e-43d9-8a66-ba05c3fb57b4\",\"content\":\"<a href=\\\"https:\/\/www.corteidh.or.cr\/docs\/casos\/articulos\/seriec_371_esp.pdf\\\">Mujeres V\u00edctimas de Tortura Sexual en Atenco vs. M\u00e9xico<\/a> (Sentencia) (Corte Interamericana de Derechos Humanos Serie C No 371) (28 de noviembre de 2018) p\u00e1rr. 351. \"},{\"id\":\"96a0eced-f2ef-4b5b-a516-63e40a1e9b05\",\"content\":\"<a href=\\\"https:\/\/www.corteidh.or.cr\/docs\/casos\/articulos\/seriec_405_esp.pdf\\\">Guzm\u00e1n Albarrac\u00edn vs. Ecuador<\/a> (Sentencia) (Corte Interamericana de Derechos Humanos Serie C No 405) (24 de junio de 2020) p\u00e1rr. 243; <a href=\\\"https:\/\/www.corteidh.or.cr\/docs\/casos\/articulos\/seriec_475_esp.pdf\\\">Angulo Losada vs. Bolivia<\/a> (Sentencia) (Corte Interamericana de Derechos Humanos Serie C No 475) (18 de noviembre de 2022) p\u00e1rr. 213. \"}]"},"categories":[5],"tags":[],"class_list":["post-898","post","type-post","status-publish","format-standard","hentry","category-sin-categorizar"],"acf":[],"yoast_head":"<!-- This site is optimized with the Yoast SEO plugin v24.2 - https:\/\/yoast.com\/wordpress\/plugins\/seo\/ -->\n<title>Sistema Interamericano de Derechos Humanos - Red Line Initiative<\/title>\n<meta name=\"robots\" content=\"index, follow, max-snippet:-1, max-image-preview:large, max-video-preview:-1\" \/>\n<link rel=\"canonical\" href=\"https:\/\/www.endcrsv.org\/es\/guidebook\/sidh\/\" \/>\n<meta property=\"og:locale\" content=\"es_ES\" \/>\n<meta property=\"og:type\" content=\"article\" \/>\n<meta property=\"og:title\" content=\"Sistema Interamericano de Derechos Humanos - Red Line Initiative\" \/>\n<meta property=\"og:description\" content=\"I. Introducci\u00f3n\ud83d\udd17 Creado por la Organizaci\u00f3n de Estados Americanos (OEA, organizaci\u00f3n internacional creada en 1948 para lograr \u00abun orden de paz y de justicia\u00bb entre sus Estados miembros), el sistema interamericano de derechos humanos naci\u00f3 con la adopci\u00f3n de la Declaraci\u00f3n Americana de los Derechos y Deberes del Hombre en Bogot\u00e1 en 1948. All\u00ed, la [&hellip;]\" \/>\n<meta property=\"og:url\" content=\"https:\/\/www.endcrsv.org\/es\/guidebook\/sidh\/\" \/>\n<meta property=\"og:site_name\" content=\"Red Line Initiative\" \/>\n<meta property=\"article:published_time\" content=\"2024-02-27T13:36:59+00:00\" \/>\n<meta property=\"article:modified_time\" content=\"2024-04-16T14:46:01+00:00\" \/>\n<meta name=\"author\" content=\"suprevo\" \/>\n<meta name=\"twitter:card\" content=\"summary_large_image\" \/>\n<meta name=\"twitter:label1\" content=\"Escrito por\" \/>\n\t<meta name=\"twitter:data1\" content=\"suprevo\" \/>\n\t<meta name=\"twitter:label2\" content=\"Tiempo de lectura\" \/>\n\t<meta name=\"twitter:data2\" content=\"34 minutos\" \/>\n<script type=\"application\/ld+json\" class=\"yoast-schema-graph\">{\"@context\":\"https:\/\/schema.org\",\"@graph\":[{\"@type\":\"WebPage\",\"@id\":\"https:\/\/www.endcrsv.org\/es\/guidebook\/sidh\/\",\"url\":\"https:\/\/www.endcrsv.org\/es\/guidebook\/sidh\/\",\"name\":\"Sistema Interamericano de Derechos Humanos - Red Line Initiative\",\"isPartOf\":{\"@id\":\"https:\/\/rl-guidebook.tempurl.host\/#website\"},\"datePublished\":\"2024-02-27T13:36:59+00:00\",\"dateModified\":\"2024-04-16T14:46:01+00:00\",\"author\":{\"@id\":\"https:\/\/rl-guidebook.tempurl.host\/#\/schema\/person\/137279ee9a86a90df5d7678e1b375dac\"},\"breadcrumb\":{\"@id\":\"https:\/\/www.endcrsv.org\/es\/guidebook\/sidh\/#breadcrumb\"},\"inLanguage\":\"es\",\"potentialAction\":[{\"@type\":\"ReadAction\",\"target\":[\"https:\/\/www.endcrsv.org\/es\/guidebook\/sidh\/\"]}]},{\"@type\":\"BreadcrumbList\",\"@id\":\"https:\/\/www.endcrsv.org\/es\/guidebook\/sidh\/#breadcrumb\",\"itemListElement\":[{\"@type\":\"ListItem\",\"position\":1,\"name\":\"Home\",\"item\":\"https:\/\/www.endcrsv.org\/es\/\"},{\"@type\":\"ListItem\",\"position\":2,\"name\":\"Derecho internacional de los derechos humanos\",\"item\":\"https:\/\/rl-guidebook.staging.tempurl.host\/es\/guidebook\/didh\/\"},{\"@type\":\"ListItem\",\"position\":3,\"name\":\"Sistemas regionales de derechos humanos\",\"item\":\"https:\/\/www.endcrsv.org\/es\/guidebook\/srdh\/\"},{\"@type\":\"ListItem\",\"position\":4,\"name\":\"Sistema Interamericano de Derechos Humanos\"}]},{\"@type\":\"WebSite\",\"@id\":\"https:\/\/rl-guidebook.tempurl.host\/#website\",\"url\":\"https:\/\/rl-guidebook.tempurl.host\/\",\"name\":\"Red Line Initiative\",\"description\":\"\",\"potentialAction\":[{\"@type\":\"SearchAction\",\"target\":{\"@type\":\"EntryPoint\",\"urlTemplate\":\"https:\/\/rl-guidebook.tempurl.host\/?s={search_term_string}\"},\"query-input\":{\"@type\":\"PropertyValueSpecification\",\"valueRequired\":true,\"valueName\":\"search_term_string\"}}],\"inLanguage\":\"es\"},{\"@type\":\"Person\",\"@id\":\"https:\/\/rl-guidebook.tempurl.host\/#\/schema\/person\/137279ee9a86a90df5d7678e1b375dac\",\"name\":\"suprevo\",\"image\":{\"@type\":\"ImageObject\",\"inLanguage\":\"es\",\"@id\":\"https:\/\/rl-guidebook.tempurl.host\/#\/schema\/person\/image\/\",\"url\":\"https:\/\/secure.gravatar.com\/avatar\/06f9d1c749e556d8b5307d2ae99e6264de21799559de6d8c807e73186d078c00?s=96&d=mm&r=g\",\"contentUrl\":\"https:\/\/secure.gravatar.com\/avatar\/06f9d1c749e556d8b5307d2ae99e6264de21799559de6d8c807e73186d078c00?s=96&d=mm&r=g\",\"caption\":\"suprevo\"},\"sameAs\":[\"https:\/\/www.endcrsv.org\"],\"url\":\"https:\/\/www.endcrsv.org\/es\/guidebook\/author\/suprevo\/\"}]}<\/script>\n<!-- \/ Yoast SEO plugin. -->","yoast_head_json":{"title":"Sistema Interamericano de Derechos Humanos - Red Line Initiative","robots":{"index":"index","follow":"follow","max-snippet":"max-snippet:-1","max-image-preview":"max-image-preview:large","max-video-preview":"max-video-preview:-1"},"canonical":"https:\/\/www.endcrsv.org\/es\/guidebook\/sidh\/","og_locale":"es_ES","og_type":"article","og_title":"Sistema Interamericano de Derechos Humanos - Red Line Initiative","og_description":"I. Introducci\u00f3n\ud83d\udd17 Creado por la Organizaci\u00f3n de Estados Americanos (OEA, organizaci\u00f3n internacional creada en 1948 para lograr \u00abun orden de paz y de justicia\u00bb entre sus Estados miembros), el sistema interamericano de derechos humanos naci\u00f3 con la adopci\u00f3n de la Declaraci\u00f3n Americana de los Derechos y Deberes del Hombre en Bogot\u00e1 en 1948. All\u00ed, la [&hellip;]","og_url":"https:\/\/www.endcrsv.org\/es\/guidebook\/sidh\/","og_site_name":"Red Line Initiative","article_published_time":"2024-02-27T13:36:59+00:00","article_modified_time":"2024-04-16T14:46:01+00:00","author":"suprevo","twitter_card":"summary_large_image","twitter_misc":{"Escrito por":"suprevo","Tiempo de lectura":"34 minutos"},"schema":{"@context":"https:\/\/schema.org","@graph":[{"@type":"WebPage","@id":"https:\/\/www.endcrsv.org\/es\/guidebook\/sidh\/","url":"https:\/\/www.endcrsv.org\/es\/guidebook\/sidh\/","name":"Sistema Interamericano de Derechos Humanos - Red Line Initiative","isPartOf":{"@id":"https:\/\/rl-guidebook.tempurl.host\/#website"},"datePublished":"2024-02-27T13:36:59+00:00","dateModified":"2024-04-16T14:46:01+00:00","author":{"@id":"https:\/\/rl-guidebook.tempurl.host\/#\/schema\/person\/137279ee9a86a90df5d7678e1b375dac"},"breadcrumb":{"@id":"https:\/\/www.endcrsv.org\/es\/guidebook\/sidh\/#breadcrumb"},"inLanguage":"es","potentialAction":[{"@type":"ReadAction","target":["https:\/\/www.endcrsv.org\/es\/guidebook\/sidh\/"]}]},{"@type":"BreadcrumbList","@id":"https:\/\/www.endcrsv.org\/es\/guidebook\/sidh\/#breadcrumb","itemListElement":[{"@type":"ListItem","position":1,"name":"Home","item":"https:\/\/www.endcrsv.org\/es\/"},{"@type":"ListItem","position":2,"name":"Derecho internacional de los derechos humanos","item":"https:\/\/rl-guidebook.staging.tempurl.host\/es\/guidebook\/didh\/"},{"@type":"ListItem","position":3,"name":"Sistemas regionales de derechos humanos","item":"https:\/\/www.endcrsv.org\/es\/guidebook\/srdh\/"},{"@type":"ListItem","position":4,"name":"Sistema Interamericano de Derechos Humanos"}]},{"@type":"WebSite","@id":"https:\/\/rl-guidebook.tempurl.host\/#website","url":"https:\/\/rl-guidebook.tempurl.host\/","name":"Red Line Initiative","description":"","potentialAction":[{"@type":"SearchAction","target":{"@type":"EntryPoint","urlTemplate":"https:\/\/rl-guidebook.tempurl.host\/?s={search_term_string}"},"query-input":{"@type":"PropertyValueSpecification","valueRequired":true,"valueName":"search_term_string"}}],"inLanguage":"es"},{"@type":"Person","@id":"https:\/\/rl-guidebook.tempurl.host\/#\/schema\/person\/137279ee9a86a90df5d7678e1b375dac","name":"suprevo","image":{"@type":"ImageObject","inLanguage":"es","@id":"https:\/\/rl-guidebook.tempurl.host\/#\/schema\/person\/image\/","url":"https:\/\/secure.gravatar.com\/avatar\/06f9d1c749e556d8b5307d2ae99e6264de21799559de6d8c807e73186d078c00?s=96&d=mm&r=g","contentUrl":"https:\/\/secure.gravatar.com\/avatar\/06f9d1c749e556d8b5307d2ae99e6264de21799559de6d8c807e73186d078c00?s=96&d=mm&r=g","caption":"suprevo"},"sameAs":["https:\/\/www.endcrsv.org"],"url":"https:\/\/www.endcrsv.org\/es\/guidebook\/author\/suprevo\/"}]}},"_links":{"self":[{"href":"https:\/\/www.endcrsv.org\/es\/wp-json\/wp\/v2\/posts\/898","targetHints":{"allow":["GET"]}}],"collection":[{"href":"https:\/\/www.endcrsv.org\/es\/wp-json\/wp\/v2\/posts"}],"about":[{"href":"https:\/\/www.endcrsv.org\/es\/wp-json\/wp\/v2\/types\/post"}],"author":[{"embeddable":true,"href":"https:\/\/www.endcrsv.org\/es\/wp-json\/wp\/v2\/users\/1"}],"replies":[{"embeddable":true,"href":"https:\/\/www.endcrsv.org\/es\/wp-json\/wp\/v2\/comments?post=898"}],"version-history":[{"count":4,"href":"https:\/\/www.endcrsv.org\/es\/wp-json\/wp\/v2\/posts\/898\/revisions"}],"predecessor-version":[{"id":1840,"href":"https:\/\/www.endcrsv.org\/es\/wp-json\/wp\/v2\/posts\/898\/revisions\/1840"}],"up":[{"embeddable":true,"href":"https:\/\/www.endcrsv.org\/es\/wp-json\/wp\/v2\/posts\/767"}],"wp:attachment":[{"href":"https:\/\/www.endcrsv.org\/es\/wp-json\/wp\/v2\/media?parent=898"}],"wp:term":[{"taxonomy":"category","embeddable":true,"href":"https:\/\/www.endcrsv.org\/es\/wp-json\/wp\/v2\/categories?post=898"},{"taxonomy":"post_tag","embeddable":true,"href":"https:\/\/www.endcrsv.org\/es\/wp-json\/wp\/v2\/tags?post=898"}],"curies":[{"name":"wp","href":"https:\/\/api.w.org\/{rel}","templated":true}]}}